{"id":401,"date":"2016-10-19T19:00:24","date_gmt":"2016-10-19T17:00:24","guid":{"rendered":"http:\/\/guyotvillois.com\/blog\/?p=401"},"modified":"2016-11-25T18:09:22","modified_gmt":"2016-11-25T17:09:22","slug":"reunion-du-bureau-du-19102016","status":"publish","type":"post","link":"http:\/\/guyotvillois.com\/blog\/2016\/10\/reunion-du-bureau-du-19102016\/","title":{"rendered":"R\u00e9union du Bureau du 19\/10\/2016"},"content":{"rendered":"<p>Ordre du jour: modification des \u00ab\u00a0statuts\u00a0\u00bb apr\u00e8s d\u00e9cision de prolonger la \u00ab\u00a0dur\u00e9e de vie\u00a0\u00bb de notre association, initialement pr\u00e9vue \u00e0 5 ans et de la porter \u00e0 20 ans.<br \/>\nUn exemplaire des nouveaux statuts, sur la dur\u00e9e et la composition du Bureau est envoy\u00e9e \u00e0 la Sous-pr\u00e9fecture<\/p>\n","protected":false},"excerpt":{"rendered":"<p>Ordre du jour: modification des \u00ab\u00a0statuts\u00a0\u00bb apr\u00e8s d\u00e9cision de prolonger la \u00ab\u00a0dur\u00e9e de vie\u00a0\u00bb de notre association, initialement pr\u00e9vue \u00e0 5 ans et de la porter \u00e0 20 ans. Un exemplaire des nouveaux statuts, sur la dur\u00e9e et la composition du Bureau est envoy\u00e9e \u00e0 la Sous-pr\u00e9fecture<\/p>\n","protected":false},"author":4,"featured_media":0,"comment_status":"open","ping_status":"open","sticky":false,"template":"","format":"standard","meta":[],"categories":[15],"tags":[],"acf":[],"_links":{"self":[{"href":"http:\/\/guyotvillois.com\/blog\/wp-json\/wp\/v2\/posts\/401"}],"collection":[{"href":"http:\/\/guyotvillois.com\/blog\/wp-json\/wp\/v2\/posts"}],"about":[{"href":"http:\/\/guyotvillois.com\/blog\/wp-json\/wp\/v2\/types\/post"}],"author":[{"embeddable":true,"href":"http:\/\/guyotvillois.com\/blog\/wp-json\/wp\/v2\/users\/4"}],"replies":[{"embeddable":true,"href":"http:\/\/guyotvillois.com\/blog\/wp-json\/wp\/v2\/comments?post=401"}],"version-history":[{"count":2,"href":"http:\/\/guyotvillois.com\/blog\/wp-json\/wp\/v2\/posts\/401\/revisions"}],"predecessor-version":[{"id":422,"href":"http:\/\/guyotvillois.com\/blog\/wp-json\/wp\/v2\/posts\/401\/revisions\/422"}],"wp:attachment":[{"href":"http:\/\/guyotvillois.com\/blog\/wp-json\/wp\/v2\/media?parent=401"}],"wp:term":[{"taxonomy":"category","embeddable":true,"href":"http:\/\/guyotvillois.com\/blog\/wp-json\/wp\/v2\/categories?post=401"},{"taxonomy":"post_tag","embeddable":true,"href":"http:\/\/guyotvillois.com\/blog\/wp-json\/wp\/v2\/tags?post=401"}],"curies":[{"name":"wp","href":"https:\/\/api.w.org\/{rel}","templated":true}]}}