{"id":383,"date":"2016-11-26T21:41:24","date_gmt":"2016-11-26T20:41:24","guid":{"rendered":"http:\/\/guyotvillois.com\/blog\/?p=383"},"modified":"2018-11-22T14:26:44","modified_gmt":"2018-11-22T13:26:44","slug":"une-reussite-expliquee-plus-de-10-ans-de-restauration-du-cimetiere-de-la-calle-bone","status":"publish","type":"post","link":"http:\/\/guyotvillois.com\/blog\/2016\/11\/une-reussite-expliquee-plus-de-10-ans-de-restauration-du-cimetiere-de-la-calle-bone\/","title":{"rendered":"Un exemple \u00e0 suivre: la r\u00e9ussite de restauration du cimeti\u00e8re de La Calle (B\u00f4ne)"},"content":{"rendered":"<p>Le responsable de l&rsquo;association Calloise, en charge de la restauration du cimeti\u00e8re de La Calle, nous a re\u00e7u chez lui \u00e0 Aubagne pendant plus de 2h.<br \/>\nUn accueil tr\u00e8s chaleureux de \u00ab\u00a0monsieur\u00a0\u00bb, qui oeuvre depuis plus de 10 ans sur le terrain, avec pour seul objectif de remettre leur cimeti\u00e8re dans l&rsquo;\u00e9tat o\u00f9 se trouvait \u00e0 leur d\u00e9part.<br \/>\nIls ont r\u00e9ussi ! Sans aucune subvention publique et fort de l&rsquo;adh\u00e9sion de pr\u00e9s de 500 membres, pour un village de 2000 habitants en 1962, ce monsieur de 81 ans a men\u00e9 avec succ\u00e8s la r\u00e9alisation de leur projet, avec patience, organisation et courage.<br \/>\nMaintenant, avec toute la p\u00e9dagogie de ce retrait\u00e9 de l&rsquo;enseignement, il nous transmet g\u00e9n\u00e9reusement l&rsquo;histoire de son action, de son exp\u00e9rience, de sa m\u00e9thode, de ses contacts et de ses pr\u00e9cieux conseils et mises en garde.<br \/>\nNous avons pris beaucoup de notes sur la mani\u00e8re d&rsquo;op\u00e9rer sur place et avec quels interlocuteurs il faudra mener notre projet qui va d\u00e9marrer d\u00e9but 2017, par le premier d\u00e9placement de notre Pr\u00e9sident PEREZ \u00e0 Guyotville.<\/p>\n<p>D\u00e9couvrez ce travail sur leur site internet : <a href=\"http:\/\/amicaledescallois.forumactif.com\/f6-le-cimetiere-de-la-calle\" target=\"_blank\">Cimeti\u00e8re de La Calle<\/a><br \/>\net la vid\u00e9o r\u00e9cente (2018) du cimeti\u00e8re : <a href=\"http:\/\/amicaledescallois.forumactif.com\/t682-fin-des-travaux-du-cimetiere-de-calle-en-2018-par-l-amicale-des-callois\" rel=\"noopener\" target=\"_blank\">Vid\u00e9o du cimeti\u00e8re de La Calle<\/a><\/p>\n","protected":false},"excerpt":{"rendered":"<p>Le responsable de l&rsquo;association Calloise, en charge de la restauration du cimeti\u00e8re de La Calle, nous a re\u00e7u chez lui \u00e0 Aubagne pendant plus de 2h. Un accueil tr\u00e8s chaleureux de \u00ab\u00a0monsieur\u00a0\u00bb, qui oeuvre depuis plus de 10 ans sur le terrain, avec pour seul objectif de remettre leur cimeti\u00e8re dans l&rsquo;\u00e9tat o\u00f9 se trouvait &#8230; <a title=\"Un exemple \u00e0 suivre: la r\u00e9ussite de restauration du cimeti\u00e8re de La Calle (B\u00f4ne)\" class=\"read-more\" href=\"http:\/\/guyotvillois.com\/blog\/2016\/11\/une-reussite-expliquee-plus-de-10-ans-de-restauration-du-cimetiere-de-la-calle-bone\/\" aria-label=\"En savoir plus sur Un exemple \u00e0 suivre: la r\u00e9ussite de restauration du cimeti\u00e8re de La Calle (B\u00f4ne)\">Lire la suite<\/a><\/p>\n","protected":false},"author":4,"featured_media":0,"comment_status":"open","ping_status":"open","sticky":true,"template":"","format":"standard","meta":[],"categories":[18],"tags":[],"acf":[],"_links":{"self":[{"href":"http:\/\/guyotvillois.com\/blog\/wp-json\/wp\/v2\/posts\/383"}],"collection":[{"href":"http:\/\/guyotvillois.com\/blog\/wp-json\/wp\/v2\/posts"}],"about":[{"href":"http:\/\/guyotvillois.com\/blog\/wp-json\/wp\/v2\/types\/post"}],"author":[{"embeddable":true,"href":"http:\/\/guyotvillois.com\/blog\/wp-json\/wp\/v2\/users\/4"}],"replies":[{"embeddable":true,"href":"http:\/\/guyotvillois.com\/blog\/wp-json\/wp\/v2\/comments?post=383"}],"version-history":[{"count":8,"href":"http:\/\/guyotvillois.com\/blog\/wp-json\/wp\/v2\/posts\/383\/revisions"}],"predecessor-version":[{"id":3132,"href":"http:\/\/guyotvillois.com\/blog\/wp-json\/wp\/v2\/posts\/383\/revisions\/3132"}],"wp:attachment":[{"href":"http:\/\/guyotvillois.com\/blog\/wp-json\/wp\/v2\/media?parent=383"}],"wp:term":[{"taxonomy":"category","embeddable":true,"href":"http:\/\/guyotvillois.com\/blog\/wp-json\/wp\/v2\/categories?post=383"},{"taxonomy":"post_tag","embeddable":true,"href":"http:\/\/guyotvillois.com\/blog\/wp-json\/wp\/v2\/tags?post=383"}],"curies":[{"name":"wp","href":"https:\/\/api.w.org\/{rel}","templated":true}]}}