{"id":3012,"date":"2018-09-05T20:18:48","date_gmt":"2018-09-05T18:18:48","guid":{"rendered":"http:\/\/guyotvillois.com\/blog\/?p=3012"},"modified":"2018-09-05T20:46:05","modified_gmt":"2018-09-05T18:46:05","slug":"5-sept-2018-fin-des-travaux-de-construction-du-2e-mur-de-cloture","status":"publish","type":"post","link":"http:\/\/guyotvillois.com\/blog\/2018\/09\/5-sept-2018-fin-des-travaux-de-construction-du-2e-mur-de-cloture\/","title":{"rendered":"5 Sept 2018: Fin des travaux de construction du 2e mur de cl\u00f4ture"},"content":{"rendered":"<p>Voil\u00e0 termin\u00e9e la construction du 2e mur de cl\u00f4ture en prolongement du 1er, mitoyen du cimeti\u00e8re musulman, sur 25 m de long.La construction totale du nouveau mur passe donc \u00e0 53m (28+25).<br \/>\nLes finitions: cr\u00e9pis et peinture ont \u00e9t\u00e9 termin\u00e9es ce jour.<\/p>\n<p>Il nous reste encore \u00e0 financer les 50m restants pour terminer la s\u00e9curisation compl\u00e8te du cimeti\u00e8re du haut.<br \/>\nNOUS COMPTONS SUR VOUS !<\/p>\n<p>Voici les photos re\u00e7ues de Guyotville (mer\u00e7i M.Fateh Ammari).<\/p>\n<p>[supsystic-gallery id=25]<\/p>\n","protected":false},"excerpt":{"rendered":"<p>Voil\u00e0 termin\u00e9e la construction du 2e mur de cl\u00f4ture en prolongement du 1er, mitoyen du cimeti\u00e8re musulman, sur 25 m de long.La construction totale du nouveau mur passe donc \u00e0 53m (28+25). Les finitions: cr\u00e9pis et peinture ont \u00e9t\u00e9 termin\u00e9es ce jour. Il nous reste encore \u00e0 financer les 50m restants pour terminer la s\u00e9curisation &#8230; <a title=\"5 Sept 2018: Fin des travaux de construction du 2e mur de cl\u00f4ture\" class=\"read-more\" href=\"http:\/\/guyotvillois.com\/blog\/2018\/09\/5-sept-2018-fin-des-travaux-de-construction-du-2e-mur-de-cloture\/\" aria-label=\"En savoir plus sur 5 Sept 2018: Fin des travaux de construction du 2e mur de cl\u00f4ture\">Lire la suite<\/a><\/p>\n","protected":false},"author":4,"featured_media":0,"comment_status":"open","ping_status":"closed","sticky":true,"template":"","format":"standard","meta":[],"categories":[15],"tags":[],"acf":[],"_links":{"self":[{"href":"http:\/\/guyotvillois.com\/blog\/wp-json\/wp\/v2\/posts\/3012"}],"collection":[{"href":"http:\/\/guyotvillois.com\/blog\/wp-json\/wp\/v2\/posts"}],"about":[{"href":"http:\/\/guyotvillois.com\/blog\/wp-json\/wp\/v2\/types\/post"}],"author":[{"embeddable":true,"href":"http:\/\/guyotvillois.com\/blog\/wp-json\/wp\/v2\/users\/4"}],"replies":[{"embeddable":true,"href":"http:\/\/guyotvillois.com\/blog\/wp-json\/wp\/v2\/comments?post=3012"}],"version-history":[{"count":6,"href":"http:\/\/guyotvillois.com\/blog\/wp-json\/wp\/v2\/posts\/3012\/revisions"}],"predecessor-version":[{"id":3020,"href":"http:\/\/guyotvillois.com\/blog\/wp-json\/wp\/v2\/posts\/3012\/revisions\/3020"}],"wp:attachment":[{"href":"http:\/\/guyotvillois.com\/blog\/wp-json\/wp\/v2\/media?parent=3012"}],"wp:term":[{"taxonomy":"category","embeddable":true,"href":"http:\/\/guyotvillois.com\/blog\/wp-json\/wp\/v2\/categories?post=3012"},{"taxonomy":"post_tag","embeddable":true,"href":"http:\/\/guyotvillois.com\/blog\/wp-json\/wp\/v2\/tags?post=3012"}],"curies":[{"name":"wp","href":"https:\/\/api.w.org\/{rel}","templated":true}]}}