{"id":2943,"date":"2018-07-30T16:16:58","date_gmt":"2018-07-30T14:16:58","guid":{"rendered":"http:\/\/guyotvillois.com\/blog\/?p=2943"},"modified":"2018-08-10T11:42:52","modified_gmt":"2018-08-10T09:42:52","slug":"aout-2018-les-travaux-reprennent-au-cimetiere","status":"publish","type":"post","link":"http:\/\/guyotvillois.com\/blog\/2018\/07\/aout-2018-les-travaux-reprennent-au-cimetiere\/","title":{"rendered":"Ao\u00fbt 2018: les travaux reprennent au cimeti\u00e8re"},"content":{"rendered":"<p>L&rsquo;association vient de lancer ce jour la poursuite de construction de sur\u00e9l\u00e9vation du mur d&rsquo;en haut.<br \/>\nDans un premier temps il avait \u00e9t\u00e9 sur\u00e9lev\u00e9e d&rsquo;1m50 sur 28m de long (double mur, soit 56m) en Avril-Mai dernier.<br \/>\nNous allons prolonger cette sur\u00e9l\u00e9vation de 25m (double mur soit 50m) sur 1m50 de haut, le long du cimeti\u00e8re musulman.<br \/>\nCe travail sera termin\u00e9 bien avant notre arriv\u00e9e le 14 Septembre au cimeti\u00e8re.<br \/>\nVoici les premi\u00e8res photos de ce nouveau mur en construction :<\/p>\n<p>[supsystic-gallery id=&rsquo;23&rsquo;]<\/p>\n","protected":false},"excerpt":{"rendered":"<p>L&rsquo;association vient de lancer ce jour la poursuite de construction de sur\u00e9l\u00e9vation du mur d&rsquo;en haut. Dans un premier temps il avait \u00e9t\u00e9 sur\u00e9lev\u00e9e d&rsquo;1m50 sur 28m de long (double mur, soit 56m) en Avril-Mai dernier. Nous allons prolonger cette sur\u00e9l\u00e9vation de 25m (double mur soit 50m) sur 1m50 de haut, le long du cimeti\u00e8re &#8230; <a title=\"Ao\u00fbt 2018: les travaux reprennent au cimeti\u00e8re\" class=\"read-more\" href=\"http:\/\/guyotvillois.com\/blog\/2018\/07\/aout-2018-les-travaux-reprennent-au-cimetiere\/\" aria-label=\"En savoir plus sur Ao\u00fbt 2018: les travaux reprennent au cimeti\u00e8re\">Lire la suite<\/a><\/p>\n","protected":false},"author":4,"featured_media":0,"comment_status":"open","ping_status":"closed","sticky":true,"template":"","format":"standard","meta":[],"categories":[15],"tags":[],"acf":[],"_links":{"self":[{"href":"http:\/\/guyotvillois.com\/blog\/wp-json\/wp\/v2\/posts\/2943"}],"collection":[{"href":"http:\/\/guyotvillois.com\/blog\/wp-json\/wp\/v2\/posts"}],"about":[{"href":"http:\/\/guyotvillois.com\/blog\/wp-json\/wp\/v2\/types\/post"}],"author":[{"embeddable":true,"href":"http:\/\/guyotvillois.com\/blog\/wp-json\/wp\/v2\/users\/4"}],"replies":[{"embeddable":true,"href":"http:\/\/guyotvillois.com\/blog\/wp-json\/wp\/v2\/comments?post=2943"}],"version-history":[{"count":6,"href":"http:\/\/guyotvillois.com\/blog\/wp-json\/wp\/v2\/posts\/2943\/revisions"}],"predecessor-version":[{"id":2975,"href":"http:\/\/guyotvillois.com\/blog\/wp-json\/wp\/v2\/posts\/2943\/revisions\/2975"}],"wp:attachment":[{"href":"http:\/\/guyotvillois.com\/blog\/wp-json\/wp\/v2\/media?parent=2943"}],"wp:term":[{"taxonomy":"category","embeddable":true,"href":"http:\/\/guyotvillois.com\/blog\/wp-json\/wp\/v2\/categories?post=2943"},{"taxonomy":"post_tag","embeddable":true,"href":"http:\/\/guyotvillois.com\/blog\/wp-json\/wp\/v2\/tags?post=2943"}],"curies":[{"name":"wp","href":"https:\/\/api.w.org\/{rel}","templated":true}]}}