{"id":2791,"date":"2018-02-01T23:44:15","date_gmt":"2018-02-01T22:44:15","guid":{"rendered":"http:\/\/guyotvillois.com\/blog\/?p=2791"},"modified":"2018-02-06T21:54:43","modified_gmt":"2018-02-06T20:54:43","slug":"travaux-au-cimetiere-nous-avons-commande-deux-nouveaux-portails","status":"publish","type":"post","link":"http:\/\/guyotvillois.com\/blog\/2018\/02\/travaux-au-cimetiere-nous-avons-commande-deux-nouveaux-portails\/","title":{"rendered":"Travaux au cimeti\u00e8re: nous avons command\u00e9 deux nouveaux portails"},"content":{"rendered":"<p>En 2015, les deux portails d&rsquo;acc\u00e8s au cimeti\u00e8re avaient \u00e9t\u00e9 r\u00e9par\u00e9s.<br \/>\nMais quelle ne fut pas notre surprise lors du voyage de Septembre dernier de constater qu&rsquo;ils \u00e9taient tous les deux hors d&rsquo;usage.<br \/>\nLe grand portail du haut (4m de large) compl\u00e9tement d\u00e9pouill\u00e9 de sa grille, seuls les encadrements en tube existent.<br \/>\nOn passe carr\u00e9ment \u00e0 travers !<\/p>\n<p style=\"text-align: center;\"><a href=\"http:\/\/guyotvillois.com\/blog\/wp-content\/uploads\/2018\/02\/portail-2-1.jpg\"><img loading=\"lazy\" class=\"alignnone wp-image-2794\" src=\"http:\/\/guyotvillois.com\/blog\/wp-content\/uploads\/2018\/02\/portail-2-1-1024x768.jpg\" alt=\"\" width=\"600\" height=\"450\" srcset=\"http:\/\/guyotvillois.com\/blog\/wp-content\/uploads\/2018\/02\/portail-2-1-1024x768.jpg 1024w, http:\/\/guyotvillois.com\/blog\/wp-content\/uploads\/2018\/02\/portail-2-1-300x225.jpg 300w, http:\/\/guyotvillois.com\/blog\/wp-content\/uploads\/2018\/02\/portail-2-1-768x576.jpg 768w, http:\/\/guyotvillois.com\/blog\/wp-content\/uploads\/2018\/02\/portail-2-1.jpg 1280w\" sizes=\"(max-width: 600px) 100vw, 600px\" \/><\/a><\/p>\n<p>&nbsp;<\/p>\n<p>Voici un photo-montage du mod\u00e8le command\u00e9 en fer forg\u00e9, enti\u00e8rement occulte, avec serrures,\u00e0 notre correspondant local<\/p>\n<p><a href=\"http:\/\/guyotvillois.com\/blog\/wp-content\/uploads\/2018\/02\/Portail-haut-plein-4mx2m-pics-en-situation.png\"><img loading=\"lazy\" class=\"aligncenter wp-image-2795\" src=\"http:\/\/guyotvillois.com\/blog\/wp-content\/uploads\/2018\/02\/Portail-haut-plein-4mx2m-pics-en-situation-300x165.png\" alt=\"\" width=\"600\" height=\"330\" srcset=\"http:\/\/guyotvillois.com\/blog\/wp-content\/uploads\/2018\/02\/Portail-haut-plein-4mx2m-pics-en-situation-300x165.png 300w, http:\/\/guyotvillois.com\/blog\/wp-content\/uploads\/2018\/02\/Portail-haut-plein-4mx2m-pics-en-situation-768x422.png 768w, http:\/\/guyotvillois.com\/blog\/wp-content\/uploads\/2018\/02\/Portail-haut-plein-4mx2m-pics-en-situation-1024x563.png 1024w, http:\/\/guyotvillois.com\/blog\/wp-content\/uploads\/2018\/02\/Portail-haut-plein-4mx2m-pics-en-situation.png 1786w\" sizes=\"(max-width: 600px) 100vw, 600px\" \/><\/a><\/p>\n<p>&nbsp;<\/p>\n<p>Le petit portail du bas (- 2m de large) a toujours sa grille, mais aucun syst\u00e8me de fermeture.On n&rsquo;a plus qu&rsquo;\u00e0 pousser pour entrer.<\/p>\n<p style=\"text-align: center;\"><a href=\"http:\/\/guyotvillois.com\/blog\/wp-content\/uploads\/2018\/02\/portail-bas-avant.jpg\"><img loading=\"lazy\" class=\"alignnone wp-image-2796 size-large\" src=\"http:\/\/guyotvillois.com\/blog\/wp-content\/uploads\/2018\/02\/portail-bas-avant-768x1024.jpg\" alt=\"\" width=\"768\" height=\"1024\" srcset=\"http:\/\/guyotvillois.com\/blog\/wp-content\/uploads\/2018\/02\/portail-bas-avant-768x1024.jpg 768w, http:\/\/guyotvillois.com\/blog\/wp-content\/uploads\/2018\/02\/portail-bas-avant-225x300.jpg 225w, http:\/\/guyotvillois.com\/blog\/wp-content\/uploads\/2018\/02\/portail-bas-avant.jpg 800w\" sizes=\"(max-width: 768px) 100vw, 768px\" \/><\/a><\/p>\n<p>Voici un photo-montage du mod\u00e8le en fer forg\u00e9, command\u00e9 \u00e0 notre correspondant local, avec serrures.<\/p>\n<p><a href=\"http:\/\/guyotvillois.com\/blog\/wp-content\/uploads\/2018\/02\/portail-bas-semi-ajoure\u0301-en-situation.png\"><img loading=\"lazy\" class=\"aligncenter wp-image-2797 size-large\" src=\"http:\/\/guyotvillois.com\/blog\/wp-content\/uploads\/2018\/02\/portail-bas-semi-ajoure\u0301-en-situation-768x1024.png\" alt=\"\" width=\"768\" height=\"1024\" srcset=\"http:\/\/guyotvillois.com\/blog\/wp-content\/uploads\/2018\/02\/portail-bas-semi-ajoure\u0301-en-situation-768x1024.png 768w, http:\/\/guyotvillois.com\/blog\/wp-content\/uploads\/2018\/02\/portail-bas-semi-ajoure\u0301-en-situation-225x300.png 225w, http:\/\/guyotvillois.com\/blog\/wp-content\/uploads\/2018\/02\/portail-bas-semi-ajoure\u0301-en-situation.png 800w\" sizes=\"(max-width: 768px) 100vw, 768px\" \/><\/a><\/p>\n<p>&nbsp;<\/p>\n<p>Il nous a fallu quand m\u00eame plus de 3 mois, apr\u00e8s notre passage, pour trouver un correspondant et un artisan pour effectuer ce travail.<br \/>\nCombien de temps devront nous attendre pour la fabrication, la d\u00e9pose et la pose des nouveaux portails ferm\u00e9s ?<br \/>\nNous pensons avoir trouv\u00e9 la bonne personne!<\/p>\n<p>A suivre &#8230;.<\/p>\n","protected":false},"excerpt":{"rendered":"<p>En 2015, les deux portails d&rsquo;acc\u00e8s au cimeti\u00e8re avaient \u00e9t\u00e9 r\u00e9par\u00e9s. Mais quelle ne fut pas notre surprise lors du voyage de Septembre dernier de constater qu&rsquo;ils \u00e9taient tous les deux hors d&rsquo;usage. Le grand portail du haut (4m de large) compl\u00e9tement d\u00e9pouill\u00e9 de sa grille, seuls les encadrements en tube existent. On passe carr\u00e9ment &#8230; <a title=\"Travaux au cimeti\u00e8re: nous avons command\u00e9 deux nouveaux portails\" class=\"read-more\" href=\"http:\/\/guyotvillois.com\/blog\/2018\/02\/travaux-au-cimetiere-nous-avons-commande-deux-nouveaux-portails\/\" aria-label=\"En savoir plus sur Travaux au cimeti\u00e8re: nous avons command\u00e9 deux nouveaux portails\">Lire la suite<\/a><\/p>\n","protected":false},"author":4,"featured_media":0,"comment_status":"open","ping_status":"closed","sticky":true,"template":"","format":"standard","meta":[],"categories":[15],"tags":[],"acf":[],"_links":{"self":[{"href":"http:\/\/guyotvillois.com\/blog\/wp-json\/wp\/v2\/posts\/2791"}],"collection":[{"href":"http:\/\/guyotvillois.com\/blog\/wp-json\/wp\/v2\/posts"}],"about":[{"href":"http:\/\/guyotvillois.com\/blog\/wp-json\/wp\/v2\/types\/post"}],"author":[{"embeddable":true,"href":"http:\/\/guyotvillois.com\/blog\/wp-json\/wp\/v2\/users\/4"}],"replies":[{"embeddable":true,"href":"http:\/\/guyotvillois.com\/blog\/wp-json\/wp\/v2\/comments?post=2791"}],"version-history":[{"count":7,"href":"http:\/\/guyotvillois.com\/blog\/wp-json\/wp\/v2\/posts\/2791\/revisions"}],"predecessor-version":[{"id":2815,"href":"http:\/\/guyotvillois.com\/blog\/wp-json\/wp\/v2\/posts\/2791\/revisions\/2815"}],"wp:attachment":[{"href":"http:\/\/guyotvillois.com\/blog\/wp-json\/wp\/v2\/media?parent=2791"}],"wp:term":[{"taxonomy":"category","embeddable":true,"href":"http:\/\/guyotvillois.com\/blog\/wp-json\/wp\/v2\/categories?post=2791"},{"taxonomy":"post_tag","embeddable":true,"href":"http:\/\/guyotvillois.com\/blog\/wp-json\/wp\/v2\/tags?post=2791"}],"curies":[{"name":"wp","href":"https:\/\/api.w.org\/{rel}","templated":true}]}}