{"id":2785,"date":"2018-02-01T23:16:02","date_gmt":"2018-02-01T22:16:02","guid":{"rendered":"http:\/\/guyotvillois.com\/blog\/?p=2785"},"modified":"2018-02-01T23:16:02","modified_gmt":"2018-02-01T22:16:02","slug":"le-livre-du-voyage-a-guyotville-en-sept-2017-avec-les-voeux-du-president","status":"publish","type":"post","link":"http:\/\/guyotvillois.com\/blog\/2018\/02\/le-livre-du-voyage-a-guyotville-en-sept-2017-avec-les-voeux-du-president\/","title":{"rendered":"Le Livre du Voyage \u00e0 Guyotville en Sept 2017 avec les voeux du Pr\u00e9sident"},"content":{"rendered":"<p><a href=\"http:\/\/guyotvillois.com\/blog\/wp-content\/uploads\/2018\/02\/couverture-livre.jpg\"><img loading=\"lazy\" class=\"alignnone size-medium wp-image-2786\" src=\"http:\/\/guyotvillois.com\/blog\/wp-content\/uploads\/2018\/02\/couverture-livre-229x300.jpg\" alt=\"\" width=\"229\" height=\"300\" srcset=\"http:\/\/guyotvillois.com\/blog\/wp-content\/uploads\/2018\/02\/couverture-livre-229x300.jpg 229w, http:\/\/guyotvillois.com\/blog\/wp-content\/uploads\/2018\/02\/couverture-livre.jpg 600w\" sizes=\"(max-width: 229px) 100vw, 229px\" \/><\/a><a href=\"http:\/\/guyotvillois.com\/blog\/wp-content\/uploads\/2018\/02\/Meilleurs-voeux-pour-les-voeux-de-bonne-anne\u0301e-2018.jpg\"><img loading=\"lazy\" class=\"alignnone size-medium wp-image-2787 alignleft\" src=\"http:\/\/guyotvillois.com\/blog\/wp-content\/uploads\/2018\/02\/Meilleurs-voeux-pour-les-voeux-de-bonne-anne\u0301e-2018-300x150.jpg\" alt=\"\" width=\"300\" height=\"150\" srcset=\"http:\/\/guyotvillois.com\/blog\/wp-content\/uploads\/2018\/02\/Meilleurs-voeux-pour-les-voeux-de-bonne-anne\u0301e-2018-300x150.jpg 300w, http:\/\/guyotvillois.com\/blog\/wp-content\/uploads\/2018\/02\/Meilleurs-voeux-pour-les-voeux-de-bonne-anne\u0301e-2018.jpg 480w\" sizes=\"(max-width: 300px) 100vw, 300px\" \/><\/a><\/p>\n<p>Voeux du Pr\u00e9sident P\u00e9rez et du Bureau de l&rsquo;association:<\/p>\n<p><em>\u00ab\u00a0Ch\u00e8res guyotvilloises, chers guyotvillois,<\/em><\/p>\n<p>Pour chacun d&rsquo;entre vous, longue est la liste de souhaits que j&rsquo;aimerais voir se r\u00e9aliser. En g\u00e9n\u00e9ral la formule qui pr\u00e9vaut, est BONNE ET HEUREUSE ANN\u00c9E<br \/>\ncertains chez nous rajoutent de la paille &#8230;., d&rsquo;autres le petit J\u00e9sus, ou encore bonne fortune!<br \/>\nJ&rsquo;aimerais \u00e9crire un mot tr\u00e8s simple :<\/p>\n<p>\u00ab\u00a0M\u00e9moire\u00a0\u00bb , pour se rappeler et honorer ceux qui sont rest\u00e9s<br \/>\nL\u00c1-BAS dans notre Campo Santo !<br \/>\nNon ils ne sont pas oubli\u00e9s, ils sont l&rsquo;objet constant de nos m\u00e9moires et nos pri\u00e8res!<\/p>\n<p>Tous les membres du bureau de notre association vous souhaitent \u00e0 chacun de vous, vos familles, vos proches, et tous ceux qui vous sont chers, UNE MERVEILLEUSE ANN\u00c9E 2018.\u00a0\u00bb<\/p>\n<p>de la part d&rsquo;Andr\u00e9 P\u00e9rez, Andr\u00e9 Ochoa, Jean-Raymond Di Fina,<br \/>\nJean-Fran\u00e7ois Giner et Bernard Costa<\/p>\n<p style=\"text-align: center;\"><span style=\"color: #ff0000;\">Et ci-dessous, vous pouvez t\u00e9l\u00e9charger un Livret sur notre voyage \u00e0 Guyotville en Sept.2017<\/span><\/p>\n<p><a href=\"http:\/\/guyotvillois.com\/blog\/wp-content\/uploads\/2018\/02\/telecharger-e1517523145244.jpg\"><a href=\"http:\/\/guyotvillois.com\/docs\/ebook-Guyotville-N1-2017.pdf\" rel=\"noopener\" target=\"_blank\"><img loading=\"lazy\" class=\"size-medium wp-image-2789 aligncenter\" src=\"http:\/\/guyotvillois.com\/blog\/wp-content\/uploads\/2018\/02\/telecharger-300x100.jpg\" alt=\"\" width=\"300\" height=\"100\" \/><\/a><\/a><\/p>\n","protected":false},"excerpt":{"rendered":"<p>Voeux du Pr\u00e9sident P\u00e9rez et du Bureau de l&rsquo;association: \u00ab\u00a0Ch\u00e8res guyotvilloises, chers guyotvillois, Pour chacun d&rsquo;entre vous, longue est la liste de souhaits que j&rsquo;aimerais voir se r\u00e9aliser. En g\u00e9n\u00e9ral la formule qui pr\u00e9vaut, est BONNE ET HEUREUSE ANN\u00c9E certains chez nous rajoutent de la paille &#8230;., d&rsquo;autres le petit J\u00e9sus, ou encore bonne fortune! &#8230; <a title=\"Le Livre du Voyage \u00e0 Guyotville en Sept 2017 avec les voeux du Pr\u00e9sident\" class=\"read-more\" href=\"http:\/\/guyotvillois.com\/blog\/2018\/02\/le-livre-du-voyage-a-guyotville-en-sept-2017-avec-les-voeux-du-president\/\" aria-label=\"En savoir plus sur Le Livre du Voyage \u00e0 Guyotville en Sept 2017 avec les voeux du Pr\u00e9sident\">Lire la suite<\/a><\/p>\n","protected":false},"author":4,"featured_media":0,"comment_status":"open","ping_status":"closed","sticky":true,"template":"","format":"standard","meta":[],"categories":[15],"tags":[],"acf":[],"_links":{"self":[{"href":"http:\/\/guyotvillois.com\/blog\/wp-json\/wp\/v2\/posts\/2785"}],"collection":[{"href":"http:\/\/guyotvillois.com\/blog\/wp-json\/wp\/v2\/posts"}],"about":[{"href":"http:\/\/guyotvillois.com\/blog\/wp-json\/wp\/v2\/types\/post"}],"author":[{"embeddable":true,"href":"http:\/\/guyotvillois.com\/blog\/wp-json\/wp\/v2\/users\/4"}],"replies":[{"embeddable":true,"href":"http:\/\/guyotvillois.com\/blog\/wp-json\/wp\/v2\/comments?post=2785"}],"version-history":[{"count":2,"href":"http:\/\/guyotvillois.com\/blog\/wp-json\/wp\/v2\/posts\/2785\/revisions"}],"predecessor-version":[{"id":2790,"href":"http:\/\/guyotvillois.com\/blog\/wp-json\/wp\/v2\/posts\/2785\/revisions\/2790"}],"wp:attachment":[{"href":"http:\/\/guyotvillois.com\/blog\/wp-json\/wp\/v2\/media?parent=2785"}],"wp:term":[{"taxonomy":"category","embeddable":true,"href":"http:\/\/guyotvillois.com\/blog\/wp-json\/wp\/v2\/categories?post=2785"},{"taxonomy":"post_tag","embeddable":true,"href":"http:\/\/guyotvillois.com\/blog\/wp-json\/wp\/v2\/tags?post=2785"}],"curies":[{"name":"wp","href":"https:\/\/api.w.org\/{rel}","templated":true}]}}