{"id":2725,"date":"2017-12-10T09:25:20","date_gmt":"2017-12-10T08:25:20","guid":{"rendered":"http:\/\/guyotvillois.com\/blog\/?p=2725"},"modified":"2017-12-10T09:34:45","modified_gmt":"2017-12-10T08:34:45","slug":"55-ans-apres-lexil-quont-transmis-les-pieds-noirs-a-leurs-enfants","status":"publish","type":"post","link":"http:\/\/guyotvillois.com\/blog\/2017\/12\/55-ans-apres-lexil-quont-transmis-les-pieds-noirs-a-leurs-enfants\/","title":{"rendered":"55 ans apr\u00e8s l&rsquo;exil, qu&rsquo;ont transmis les Pieds-Noirs \u00e0 leurs enfants?"},"content":{"rendered":"<p>\u00ab <strong><em>Pour la premi\u00e8re fois \u00e9tait donn\u00e9e la parole aux enfants de familles Pieds-Noirs<\/em><\/strong>\u00bb (n\u00e9s apr\u00e8s 1962)<br \/>\nJourn\u00e9e d&rsquo;\u00e9tudes, organis\u00e9e par le <a href=\"http:\/\/www.cdha.fr\/colloque-55-ans-apres-lexil-de-leurs-parents-dalgerie-que-font-leurs-enfants-de-leur-heritage\" target=\"_blank\" rel=\"noopener\">CDHA d&rsquo;Aix-en-Provence<\/a> autour de quatre conf\u00e9rences donn\u00e9es par des universitaires et de trois tables-rondes portant les t\u00e9moignages des enfants de Pieds Noirs n\u00e9s en m\u00e9tropole (le bilan en est tr\u00e8s prometteur).<br \/>\nL\u2019enqu\u00eate r\u00e9alis\u00e9e cette ann\u00e9e par Hubert Ripoll, psychologue universitaire, aupr\u00e8s de 850 descendants de Pieds-Noirs,a servi de ligne de r\u00e9f\u00e9rence tout au long des d\u00e9bats, mais aussi la phrase d\u2019un jeune intervenant : \u00ab notre filiation sert \u00e0 \u00e9clairer notre pass\u00e9, mais surtout \u00e0 construire notre avenir \u00bb.<br \/>\n(Vous pouvez \u00e9couter l&rsquo;interview-radio d&rsquo;Hubert Ripoll en fin de cet article)<\/p>\n<p><strong>Voici le programme de cette journ\u00e9e : <\/strong><br \/>\n(2 pages \u00e0 faire d\u00e9filer avec les fl\u00e8ches du bas)<br \/>\n<a href=\"http:\/\/guyotvillois.com\/blog\/wp-content\/uploads\/2017\/12\/Colloque-18-novembre.pdf\" class=\"pdfemb-viewer\" style=\"\" data-width=\"max\" data-height=\"max\"  data-toolbar=\"both\" data-toolbar-fixed=\"on\">Colloque-18-novembre<br\/><\/a><br \/>\nJe suis pass\u00e9 cette semaine au CDHA d&rsquo;Aix-en-Provence;ils vont mettre en ligne en fin de mois, un compte-rendu complet (Blog) sur cette journ\u00e9e de conf\u00e9rence exceptionnelle(le d\u00e9roulement, le contenu, et les conclusions du colloque).<\/p>\n<p>En attendant, <strong>voici un premier reportage:<\/strong><br \/>\n<a href=\"http:\/\/www.cdha.fr\/colloque-55-ans-apres-lexil-de-leurs-parents-dalgerie-que-font-leurs-enfants-de-leur-heritage\" target=\"_blank\" rel=\"noopener\">Premier compte-rendu sur le site du CDHA d&rsquo;Aix<\/a><\/p>\n<p>&nbsp;<\/p>\n<p>Ci-dessous <strong>interview radio d&rsquo;Hubert Ripoll d&rsquo;apr\u00e8s conf\u00e9rence<\/strong>:<br \/>\n\u00ab\u00a090% des descendants disent se sentir Pieds-Noirs (dont 52% tr\u00e8s fortement) et le disent en soci\u00e9t\u00e9!\u00a0\u00bb<br \/>\n<iframe loading=\"lazy\" src=\"https:\/\/rcf.fr\/embed\/1692032\" width=\"100%\" height=\"220\" frameborder=\"0\"><\/iframe><\/p>\n","protected":false},"excerpt":{"rendered":"<p>\u00ab Pour la premi\u00e8re fois \u00e9tait donn\u00e9e la parole aux enfants de familles Pieds-Noirs\u00bb (n\u00e9s apr\u00e8s 1962) Journ\u00e9e d&rsquo;\u00e9tudes, organis\u00e9e par le CDHA d&rsquo;Aix-en-Provence autour de quatre conf\u00e9rences donn\u00e9es par des universitaires et de trois tables-rondes portant les t\u00e9moignages des enfants de Pieds Noirs n\u00e9s en m\u00e9tropole (le bilan en est tr\u00e8s prometteur). L\u2019enqu\u00eate r\u00e9alis\u00e9e &#8230; <a title=\"55 ans apr\u00e8s l&rsquo;exil, qu&rsquo;ont transmis les Pieds-Noirs \u00e0 leurs enfants?\" class=\"read-more\" href=\"http:\/\/guyotvillois.com\/blog\/2017\/12\/55-ans-apres-lexil-quont-transmis-les-pieds-noirs-a-leurs-enfants\/\" aria-label=\"En savoir plus sur 55 ans apr\u00e8s l&rsquo;exil, qu&rsquo;ont transmis les Pieds-Noirs \u00e0 leurs enfants?\">Lire la suite<\/a><\/p>\n","protected":false},"author":4,"featured_media":0,"comment_status":"open","ping_status":"closed","sticky":true,"template":"","format":"standard","meta":[],"categories":[17],"tags":[],"acf":[],"_links":{"self":[{"href":"http:\/\/guyotvillois.com\/blog\/wp-json\/wp\/v2\/posts\/2725"}],"collection":[{"href":"http:\/\/guyotvillois.com\/blog\/wp-json\/wp\/v2\/posts"}],"about":[{"href":"http:\/\/guyotvillois.com\/blog\/wp-json\/wp\/v2\/types\/post"}],"author":[{"embeddable":true,"href":"http:\/\/guyotvillois.com\/blog\/wp-json\/wp\/v2\/users\/4"}],"replies":[{"embeddable":true,"href":"http:\/\/guyotvillois.com\/blog\/wp-json\/wp\/v2\/comments?post=2725"}],"version-history":[{"count":15,"href":"http:\/\/guyotvillois.com\/blog\/wp-json\/wp\/v2\/posts\/2725\/revisions"}],"predecessor-version":[{"id":2741,"href":"http:\/\/guyotvillois.com\/blog\/wp-json\/wp\/v2\/posts\/2725\/revisions\/2741"}],"wp:attachment":[{"href":"http:\/\/guyotvillois.com\/blog\/wp-json\/wp\/v2\/media?parent=2725"}],"wp:term":[{"taxonomy":"category","embeddable":true,"href":"http:\/\/guyotvillois.com\/blog\/wp-json\/wp\/v2\/categories?post=2725"},{"taxonomy":"post_tag","embeddable":true,"href":"http:\/\/guyotvillois.com\/blog\/wp-json\/wp\/v2\/tags?post=2725"}],"curies":[{"name":"wp","href":"https:\/\/api.w.org\/{rel}","templated":true}]}}