{"id":2582,"date":"2017-11-05T22:38:30","date_gmt":"2017-11-05T21:38:30","guid":{"rendered":"http:\/\/guyotvillois.com\/blog\/?p=2582"},"modified":"2017-11-05T22:38:30","modified_gmt":"2017-11-05T21:38:30","slug":"24-sept-2017-un-beau-dimanche-a-guyotville","status":"publish","type":"post","link":"http:\/\/guyotvillois.com\/blog\/2017\/11\/24-sept-2017-un-beau-dimanche-a-guyotville\/","title":{"rendered":"24 Sept 2017- un beau Dimanche \u00e0 Guyotville"},"content":{"rendered":"<p><a href=\"http:\/\/guyotvillois.com\/blog\/wp-content\/uploads\/2017\/11\/P1050774.jpg\" target= \"_blank\"><img loading=\"lazy\" src=\"http:\/\/guyotvillois.com\/blog\/wp-content\/uploads\/2017\/11\/P1050774-300x225.jpg\" alt=\"\" width=\"300\" height=\"225\" class=\"alignnone size-medium wp-image-2583\" srcset=\"http:\/\/guyotvillois.com\/blog\/wp-content\/uploads\/2017\/11\/P1050774-300x225.jpg 300w, http:\/\/guyotvillois.com\/blog\/wp-content\/uploads\/2017\/11\/P1050774-768x576.jpg 768w, http:\/\/guyotvillois.com\/blog\/wp-content\/uploads\/2017\/11\/P1050774-1024x768.jpg 1024w\" sizes=\"(max-width: 300px) 100vw, 300px\" \/><\/a><\/p>\n<p>C&rsquo;\u00e9tait une premi\u00e8re pour la plupart d&rsquo;entre nous !<br \/>\nNotre cher village, ils l&rsquo;ont quitt\u00e9 avant leurs 15 ans.<br \/>\nQuant \u00e0 moi, je l&rsquo;ai quitt\u00e9 \u00e0 l&rsquo;\u00e2ge de 4 ans pour Alger (Belcourt), mais en y passant des weeks-ends et vacances chez ma grand-m\u00e8re jusqu&rsquo;\u00e0 l&rsquo;\u00e2ge de 9 ans (en 1962).<br \/>\nCe ne fut pour moi que du plaisir, puisque sans nostalgie.<br \/>\nJe l&rsquo;ai tellement lu, \u00e9tudi\u00e9, discut\u00e9 depuis un an!<br \/>\nMon plan de 1957 toujours en m\u00e9moire et en main, j&rsquo;\u00e9tais comme un poisson dans l&rsquo;eau.<br \/>\nTrop fier aussi d&rsquo;avoir retrouv\u00e9 mes lieux de vie (rue Chanzy, rue Pasteur, rue Drouault) et m\u00eame la \u00ab\u00a0guinguette\u00a0\u00bb de mon grand-p\u00e8re vers la plage La Fontaine.<\/p>\n<p>Ce diaporama est stock\u00e9 sur le site \u00ab\u00a0vimeo.com\u00a0\u00bb.<br \/>\nIl faut saisir le mot de passe <strong>\u00ab\u00a0guyotville\u00a0\u00bb<\/strong> et se mettre bien s\u00fbr en plein \u00e9cran.<\/p>\n<p><iframe loading=\"lazy\" src=\"https:\/\/player.vimeo.com\/video\/241423104\" width=\"640\" height=\"360\" frameborder=\"0\" webkitallowfullscreen mozallowfullscreen allowfullscreen><\/iframe><\/p>\n","protected":false},"excerpt":{"rendered":"<p>C&rsquo;\u00e9tait une premi\u00e8re pour la plupart d&rsquo;entre nous ! Notre cher village, ils l&rsquo;ont quitt\u00e9 avant leurs 15 ans. Quant \u00e0 moi, je l&rsquo;ai quitt\u00e9 \u00e0 l&rsquo;\u00e2ge de 4 ans pour Alger (Belcourt), mais en y passant des weeks-ends et vacances chez ma grand-m\u00e8re jusqu&rsquo;\u00e0 l&rsquo;\u00e2ge de 9 ans (en 1962). Ce ne fut pour &#8230; <a title=\"24 Sept 2017- un beau Dimanche \u00e0 Guyotville\" class=\"read-more\" href=\"http:\/\/guyotvillois.com\/blog\/2017\/11\/24-sept-2017-un-beau-dimanche-a-guyotville\/\" aria-label=\"En savoir plus sur 24 Sept 2017- un beau Dimanche \u00e0 Guyotville\">Lire la suite<\/a><\/p>\n","protected":false},"author":4,"featured_media":0,"comment_status":"open","ping_status":"closed","sticky":true,"template":"","format":"standard","meta":[],"categories":[15],"tags":[],"acf":[],"_links":{"self":[{"href":"http:\/\/guyotvillois.com\/blog\/wp-json\/wp\/v2\/posts\/2582"}],"collection":[{"href":"http:\/\/guyotvillois.com\/blog\/wp-json\/wp\/v2\/posts"}],"about":[{"href":"http:\/\/guyotvillois.com\/blog\/wp-json\/wp\/v2\/types\/post"}],"author":[{"embeddable":true,"href":"http:\/\/guyotvillois.com\/blog\/wp-json\/wp\/v2\/users\/4"}],"replies":[{"embeddable":true,"href":"http:\/\/guyotvillois.com\/blog\/wp-json\/wp\/v2\/comments?post=2582"}],"version-history":[{"count":4,"href":"http:\/\/guyotvillois.com\/blog\/wp-json\/wp\/v2\/posts\/2582\/revisions"}],"predecessor-version":[{"id":2590,"href":"http:\/\/guyotvillois.com\/blog\/wp-json\/wp\/v2\/posts\/2582\/revisions\/2590"}],"wp:attachment":[{"href":"http:\/\/guyotvillois.com\/blog\/wp-json\/wp\/v2\/media?parent=2582"}],"wp:term":[{"taxonomy":"category","embeddable":true,"href":"http:\/\/guyotvillois.com\/blog\/wp-json\/wp\/v2\/categories?post=2582"},{"taxonomy":"post_tag","embeddable":true,"href":"http:\/\/guyotvillois.com\/blog\/wp-json\/wp\/v2\/tags?post=2582"}],"curies":[{"name":"wp","href":"https:\/\/api.w.org\/{rel}","templated":true}]}}