{"id":2553,"date":"2017-10-20T15:26:47","date_gmt":"2017-10-20T13:26:47","guid":{"rendered":"http:\/\/guyotvillois.com\/blog\/?p=2553"},"modified":"2017-11-04T21:33:30","modified_gmt":"2017-11-04T20:33:30","slug":"24-sept-2017-de-la-plage-la-fontaine-a-la-madrague-en-bus","status":"publish","type":"post","link":"http:\/\/guyotvillois.com\/blog\/2017\/10\/24-sept-2017-de-la-plage-la-fontaine-a-la-madrague-en-bus\/","title":{"rendered":"24 Sept 2017 &#8211; de la plage \u00ab\u00a0La Fontaine\u00a0\u00bb \u00e0 la \u00ab\u00a0Madrague\u00a0\u00bb en bus"},"content":{"rendered":"<p><a href=\"http:\/\/guyotvillois.com\/blog\/wp-content\/uploads\/2017\/10\/GOPR0044-2.png\" target=\"_blank\"><img loading=\"lazy\" src=\"http:\/\/guyotvillois.com\/blog\/wp-content\/uploads\/2017\/10\/GOPR0044-2-300x225.png\" alt=\"\" width=\"300\" height=\"225\" class=\"alignnone size-medium wp-image-2572\" srcset=\"http:\/\/guyotvillois.com\/blog\/wp-content\/uploads\/2017\/10\/GOPR0044-2-300x225.png 300w, http:\/\/guyotvillois.com\/blog\/wp-content\/uploads\/2017\/10\/GOPR0044-2-768x576.png 768w, http:\/\/guyotvillois.com\/blog\/wp-content\/uploads\/2017\/10\/GOPR0044-2-1024x768.png 1024w, http:\/\/guyotvillois.com\/blog\/wp-content\/uploads\/2017\/10\/GOPR0044-2.png 1280w\" sizes=\"(max-width: 300px) 100vw, 300px\" \/><\/a><\/p>\n<p>Tout est construit entre les deux plages.<br \/>\nJ&rsquo;ai fais arr\u00eater le bus \u00e0 la recherche de \u00ab\u00a0Lous Pescadous\u00a0\u00bb de mon grand-p\u00e8re \u00ab\u00a0moreno\u00a0\u00bb Costa &#8230;.<br \/>\nIl existe toujours, mais il a \u00e9t\u00e9 compl\u00e9tement reconstruit en immeuble-restaurant<br \/>\n(plus de boulodrome, ni pergola)<\/p>\n<p>Ce montage photos est stock\u00e9 sur le site \u00ab\u00a0vimeo.com\u00a0\u00bb.Il faut saisir le mot de passe \u00ab\u00a0guyotville\u00a0\u00bb et se mettre bien s\u00fbr en plein \u00e9cran.<\/p>\n<p><iframe loading=\"lazy\" src=\"https:\/\/player.vimeo.com\/video\/236456436\" width=\"640\" height=\"360\" frameborder=\"0\" webkitallowfullscreen mozallowfullscreen allowfullscreen><\/iframe><\/p>\n","protected":false},"excerpt":{"rendered":"<p>Tout est construit entre les deux plages. J&rsquo;ai fais arr\u00eater le bus \u00e0 la recherche de \u00ab\u00a0Lous Pescadous\u00a0\u00bb de mon grand-p\u00e8re \u00ab\u00a0moreno\u00a0\u00bb Costa &#8230;. Il existe toujours, mais il a \u00e9t\u00e9 compl\u00e9tement reconstruit en immeuble-restaurant (plus de boulodrome, ni pergola) Ce montage photos est stock\u00e9 sur le site \u00ab\u00a0vimeo.com\u00a0\u00bb.Il faut saisir le mot de passe &#8230; <a title=\"24 Sept 2017 &#8211; de la plage \u00ab\u00a0La Fontaine\u00a0\u00bb \u00e0 la \u00ab\u00a0Madrague\u00a0\u00bb en bus\" class=\"read-more\" href=\"http:\/\/guyotvillois.com\/blog\/2017\/10\/24-sept-2017-de-la-plage-la-fontaine-a-la-madrague-en-bus\/\" aria-label=\"En savoir plus sur 24 Sept 2017 &#8211; de la plage \u00ab\u00a0La Fontaine\u00a0\u00bb \u00e0 la \u00ab\u00a0Madrague\u00a0\u00bb en bus\">Lire la suite<\/a><\/p>\n","protected":false},"author":4,"featured_media":0,"comment_status":"open","ping_status":"closed","sticky":true,"template":"","format":"standard","meta":[],"categories":[15],"tags":[],"acf":[],"_links":{"self":[{"href":"http:\/\/guyotvillois.com\/blog\/wp-json\/wp\/v2\/posts\/2553"}],"collection":[{"href":"http:\/\/guyotvillois.com\/blog\/wp-json\/wp\/v2\/posts"}],"about":[{"href":"http:\/\/guyotvillois.com\/blog\/wp-json\/wp\/v2\/types\/post"}],"author":[{"embeddable":true,"href":"http:\/\/guyotvillois.com\/blog\/wp-json\/wp\/v2\/users\/4"}],"replies":[{"embeddable":true,"href":"http:\/\/guyotvillois.com\/blog\/wp-json\/wp\/v2\/comments?post=2553"}],"version-history":[{"count":5,"href":"http:\/\/guyotvillois.com\/blog\/wp-json\/wp\/v2\/posts\/2553\/revisions"}],"predecessor-version":[{"id":2573,"href":"http:\/\/guyotvillois.com\/blog\/wp-json\/wp\/v2\/posts\/2553\/revisions\/2573"}],"wp:attachment":[{"href":"http:\/\/guyotvillois.com\/blog\/wp-json\/wp\/v2\/media?parent=2553"}],"wp:term":[{"taxonomy":"category","embeddable":true,"href":"http:\/\/guyotvillois.com\/blog\/wp-json\/wp\/v2\/categories?post=2553"},{"taxonomy":"post_tag","embeddable":true,"href":"http:\/\/guyotvillois.com\/blog\/wp-json\/wp\/v2\/tags?post=2553"}],"curies":[{"name":"wp","href":"https:\/\/api.w.org\/{rel}","templated":true}]}}