{"id":2534,"date":"2017-11-03T23:48:37","date_gmt":"2017-11-03T22:48:37","guid":{"rendered":"http:\/\/guyotvillois.com\/blog\/?p=2534"},"modified":"2017-11-05T11:01:13","modified_gmt":"2017-11-05T10:01:13","slug":"nos-morts-ont-ete-honores-cette-annee-au-passage-dun-groupe-de-guyotvillois","status":"publish","type":"post","link":"http:\/\/guyotvillois.com\/blog\/2017\/11\/nos-morts-ont-ete-honores-cette-annee-au-passage-dun-groupe-de-guyotvillois\/","title":{"rendered":"Nos morts ont \u00e9t\u00e9 honor\u00e9s cette ann\u00e9e au passage de notre groupe de \u00ab\u00a0guyotvillois\u00a0\u00bb"},"content":{"rendered":"<p>Notre association vient de se rendre r\u00e9cemment au cimeti\u00e8re de Guyotville, accompagn\u00e9e d&rsquo;un groupe de 23 guyotvillois et amis.<br \/>\nA cette occasion, la st\u00e9le centrale a \u00e9t\u00e9 fleurie, ainsi que quelques tombes des familles participantes au voyage.<br \/>\nLe groupe a pu constater l&rsquo;\u00e9tat de notre cher cimeti\u00e8re, certes bien nettoy\u00e9 avant notre arriv\u00e9e, mais encore \u00ab\u00a0ouvert aux quatre vents\u00a0\u00bb.<br \/>\nLes membres du bureau de notre association, dont son Pr\u00e9sident Perez, s&rsquo;y rendirent tous les jours, pour lancer des travaux et inventorier les s\u00e9pultures (Photos, vid\u00e9os de toutes les all\u00e9es du cimeti\u00e8re).<br \/>\nNous avons tenu une assembl\u00e9e \u00e0 l&rsquo;h\u00f4tel avec tous les \u00ab\u00a0guyotvillois\u00a0\u00bb pr\u00e9sents pour faire l&rsquo;historique et le bilan de notre association.Nous avons re\u00e7u l&rsquo;appui unanime de l&rsquo;assembl\u00e9e pr\u00e9sente \u00e0 nos actions et \u00e0 notre projet de restauration du cimeti\u00e8re, cher au pr\u00e9sident Andr\u00e9 PEREZ.<br \/>\nLes bulletins d&rsquo;adh\u00e9sions 2018 ont \u00e9t\u00e9 distribu\u00e9s avec la promesse de souscription de tous les participants.<\/p>\n<p><a href=\"http:\/\/guyotvillois.com\/blog\/wp-content\/uploads\/2017\/11\/4.jpg\" target=\"_blank\"><img loading=\"lazy\" src=\"http:\/\/guyotvillois.com\/blog\/wp-content\/uploads\/2017\/11\/4-225x300.jpg\" alt=\"\" width=\"225\" height=\"300\" class=\"alignnone size-medium wp-image-2537\" srcset=\"http:\/\/guyotvillois.com\/blog\/wp-content\/uploads\/2017\/11\/4-225x300.jpg 225w, http:\/\/guyotvillois.com\/blog\/wp-content\/uploads\/2017\/11\/4.jpg 600w\" sizes=\"(max-width: 225px) 100vw, 225px\" \/><\/a><a href=\"http:\/\/guyotvillois.com\/blog\/wp-content\/uploads\/2017\/11\/1.jpg\" target=\"_blank\"><img loading=\"lazy\" src=\"http:\/\/guyotvillois.com\/blog\/wp-content\/uploads\/2017\/11\/1-225x300.jpg\" alt=\"\" width=\"225\" height=\"300\" class=\"alignnone size-medium wp-image-2535\" srcset=\"http:\/\/guyotvillois.com\/blog\/wp-content\/uploads\/2017\/11\/1-225x300.jpg 225w, http:\/\/guyotvillois.com\/blog\/wp-content\/uploads\/2017\/11\/1.jpg 600w\" sizes=\"(max-width: 225px) 100vw, 225px\" \/><\/a><\/p>\n","protected":false},"excerpt":{"rendered":"<p>Notre association vient de se rendre r\u00e9cemment au cimeti\u00e8re de Guyotville, accompagn\u00e9e d&rsquo;un groupe de 23 guyotvillois et amis. A cette occasion, la st\u00e9le centrale a \u00e9t\u00e9 fleurie, ainsi que quelques tombes des familles participantes au voyage. Le groupe a pu constater l&rsquo;\u00e9tat de notre cher cimeti\u00e8re, certes bien nettoy\u00e9 avant notre arriv\u00e9e, mais encore &#8230; <a title=\"Nos morts ont \u00e9t\u00e9 honor\u00e9s cette ann\u00e9e au passage de notre groupe de \u00ab\u00a0guyotvillois\u00a0\u00bb\" class=\"read-more\" href=\"http:\/\/guyotvillois.com\/blog\/2017\/11\/nos-morts-ont-ete-honores-cette-annee-au-passage-dun-groupe-de-guyotvillois\/\" aria-label=\"En savoir plus sur Nos morts ont \u00e9t\u00e9 honor\u00e9s cette ann\u00e9e au passage de notre groupe de \u00ab\u00a0guyotvillois\u00a0\u00bb\">Lire la suite<\/a><\/p>\n","protected":false},"author":4,"featured_media":0,"comment_status":"open","ping_status":"closed","sticky":true,"template":"","format":"standard","meta":[],"categories":[15],"tags":[],"acf":[],"_links":{"self":[{"href":"http:\/\/guyotvillois.com\/blog\/wp-json\/wp\/v2\/posts\/2534"}],"collection":[{"href":"http:\/\/guyotvillois.com\/blog\/wp-json\/wp\/v2\/posts"}],"about":[{"href":"http:\/\/guyotvillois.com\/blog\/wp-json\/wp\/v2\/types\/post"}],"author":[{"embeddable":true,"href":"http:\/\/guyotvillois.com\/blog\/wp-json\/wp\/v2\/users\/4"}],"replies":[{"embeddable":true,"href":"http:\/\/guyotvillois.com\/blog\/wp-json\/wp\/v2\/comments?post=2534"}],"version-history":[{"count":13,"href":"http:\/\/guyotvillois.com\/blog\/wp-json\/wp\/v2\/posts\/2534\/revisions"}],"predecessor-version":[{"id":2574,"href":"http:\/\/guyotvillois.com\/blog\/wp-json\/wp\/v2\/posts\/2534\/revisions\/2574"}],"wp:attachment":[{"href":"http:\/\/guyotvillois.com\/blog\/wp-json\/wp\/v2\/media?parent=2534"}],"wp:term":[{"taxonomy":"category","embeddable":true,"href":"http:\/\/guyotvillois.com\/blog\/wp-json\/wp\/v2\/categories?post=2534"},{"taxonomy":"post_tag","embeddable":true,"href":"http:\/\/guyotvillois.com\/blog\/wp-json\/wp\/v2\/tags?post=2534"}],"curies":[{"name":"wp","href":"https:\/\/api.w.org\/{rel}","templated":true}]}}