{"id":2527,"date":"2017-10-21T18:32:34","date_gmt":"2017-10-21T16:32:34","guid":{"rendered":"http:\/\/guyotvillois.com\/blog\/?p=2527"},"modified":"2017-11-04T21:17:23","modified_gmt":"2017-11-04T20:17:23","slug":"28-sept-2017-un-pretre-espagnol-nous-attend-a-notre-dame-dafrique","status":"publish","type":"post","link":"http:\/\/guyotvillois.com\/blog\/2017\/10\/28-sept-2017-un-pretre-espagnol-nous-attend-a-notre-dame-dafrique\/","title":{"rendered":"28 Sept 2017 &#8211; Un pr\u00eatre espagnol nous attendait \u00e0 Notre-Dame d&rsquo;Afrique"},"content":{"rendered":"<p><a href=\"http:\/\/guyotvillois.com\/blog\/wp-content\/uploads\/2017\/10\/NDAfrique-11.jpg\" target=\"_blank\"><img loading=\"lazy\" src=\"http:\/\/guyotvillois.com\/blog\/wp-content\/uploads\/2017\/10\/NDAfrique-11-300x200.jpg\" alt=\"\" width=\"300\" height=\"200\" class=\"alignnone size-medium wp-image-2499\" srcset=\"http:\/\/guyotvillois.com\/blog\/wp-content\/uploads\/2017\/10\/NDAfrique-11-300x200.jpg 300w, http:\/\/guyotvillois.com\/blog\/wp-content\/uploads\/2017\/10\/NDAfrique-11-768x512.jpg 768w, http:\/\/guyotvillois.com\/blog\/wp-content\/uploads\/2017\/10\/NDAfrique-11.jpg 800w\" sizes=\"(max-width: 300px) 100vw, 300px\" \/><\/a><\/p>\n<p>La visite de la Basilique s&rsquo;imposait&#8230; avec sa vue g\u00e9niale sur la baie d&rsquo;Alger.<br \/>\nD&rsquo;autant qu&rsquo;une messe dans la chapelle St Joseph, derri\u00e8re la Basilique, a \u00e9t\u00e9 servie sp\u00e9cialement \u00e0 notre intention.Merci au pr\u00eatre espagnol (francophone) qui nous a r\u00e9gal\u00e9 d&rsquo;abord par sa pr\u00e9sentation de l&rsquo;histoire de Notre Dame d&rsquo;Afrique.<\/p>\n<p>[supsystic-gallery id=17]<\/p>\n","protected":false},"excerpt":{"rendered":"<p>La visite de la Basilique s&rsquo;imposait&#8230; avec sa vue g\u00e9niale sur la baie d&rsquo;Alger. D&rsquo;autant qu&rsquo;une messe dans la chapelle St Joseph, derri\u00e8re la Basilique, a \u00e9t\u00e9 servie sp\u00e9cialement \u00e0 notre intention.Merci au pr\u00eatre espagnol (francophone) qui nous a r\u00e9gal\u00e9 d&rsquo;abord par sa pr\u00e9sentation de l&rsquo;histoire de Notre Dame d&rsquo;Afrique. [supsystic-gallery id=17]<\/p>\n","protected":false},"author":4,"featured_media":0,"comment_status":"open","ping_status":"closed","sticky":true,"template":"","format":"standard","meta":[],"categories":[17,15],"tags":[],"acf":[],"_links":{"self":[{"href":"http:\/\/guyotvillois.com\/blog\/wp-json\/wp\/v2\/posts\/2527"}],"collection":[{"href":"http:\/\/guyotvillois.com\/blog\/wp-json\/wp\/v2\/posts"}],"about":[{"href":"http:\/\/guyotvillois.com\/blog\/wp-json\/wp\/v2\/types\/post"}],"author":[{"embeddable":true,"href":"http:\/\/guyotvillois.com\/blog\/wp-json\/wp\/v2\/users\/4"}],"replies":[{"embeddable":true,"href":"http:\/\/guyotvillois.com\/blog\/wp-json\/wp\/v2\/comments?post=2527"}],"version-history":[{"count":5,"href":"http:\/\/guyotvillois.com\/blog\/wp-json\/wp\/v2\/posts\/2527\/revisions"}],"predecessor-version":[{"id":2563,"href":"http:\/\/guyotvillois.com\/blog\/wp-json\/wp\/v2\/posts\/2527\/revisions\/2563"}],"wp:attachment":[{"href":"http:\/\/guyotvillois.com\/blog\/wp-json\/wp\/v2\/media?parent=2527"}],"wp:term":[{"taxonomy":"category","embeddable":true,"href":"http:\/\/guyotvillois.com\/blog\/wp-json\/wp\/v2\/categories?post=2527"},{"taxonomy":"post_tag","embeddable":true,"href":"http:\/\/guyotvillois.com\/blog\/wp-json\/wp\/v2\/tags?post=2527"}],"curies":[{"name":"wp","href":"https:\/\/api.w.org\/{rel}","templated":true}]}}