{"id":2480,"date":"2017-10-21T15:18:17","date_gmt":"2017-10-21T13:18:17","guid":{"rendered":"http:\/\/guyotvillois.com\/blog\/?p=2480"},"modified":"2017-11-04T21:24:12","modified_gmt":"2017-11-04T20:24:12","slug":"26-sept-2017-notre-guideenfant-de-la-casbah-dalger-nous-la-faite-visiter","status":"publish","type":"post","link":"http:\/\/guyotvillois.com\/blog\/2017\/10\/26-sept-2017-notre-guideenfant-de-la-casbah-dalger-nous-la-faite-visiter\/","title":{"rendered":"26 Sept 2017 &#8211; notre guide,enfant de la Casbah d&rsquo;Alger, nous l&rsquo;a faite visiter"},"content":{"rendered":"<p><a href=\"http:\/\/guyotvillois.com\/blog\/wp-content\/uploads\/2017\/10\/casbah1.jpg\" target=\"_blank\"><img loading=\"lazy\" src=\"http:\/\/guyotvillois.com\/blog\/wp-content\/uploads\/2017\/10\/casbah1-300x225.jpg\" alt=\"\" width=\"300\" height=\"225\" class=\"alignnone size-medium wp-image-2567\" srcset=\"http:\/\/guyotvillois.com\/blog\/wp-content\/uploads\/2017\/10\/casbah1-300x225.jpg 300w, http:\/\/guyotvillois.com\/blog\/wp-content\/uploads\/2017\/10\/casbah1-768x576.jpg 768w, http:\/\/guyotvillois.com\/blog\/wp-content\/uploads\/2017\/10\/casbah1.jpg 800w\" sizes=\"(max-width: 300px) 100vw, 300px\" \/><\/a><\/p>\n<p>A l&rsquo;occasion de notre voyage m\u00e9morable \u00e0 Guyotville et sa r\u00e9gion, du 23 au 29 Septembre, organis\u00e9 par notre association, la journ\u00e9e libre de la semaine a permit \u00e0 certains d&rsquo;entre nous de d\u00e9couvrir avec notre excellent guide, la vieille Casbah d&rsquo;Alger.<\/p>\n<p>Voici mon reportage r\u00e9alis\u00e9 \u00e0 partir des belles photos prises par mon copain Fred et sur une musique du chanteur kabyle Idir.<br \/>\nCe petit film est stock\u00e9 sur le site \u00ab\u00a0vimeo.com\u00a0\u00bb.Il faut saisir le mot de passe \u00ab\u00a0guyotville\u00a0\u00bb et se mettre bien s\u00fbr en plein \u00e9cran.<\/p>\n<p><iframe loading=\"lazy\" src=\"https:\/\/player.vimeo.com\/video\/236897415\" width=\"640\" height=\"360\" frameborder=\"0\" webkitallowfullscreen mozallowfullscreen allowfullscreen><\/iframe><\/p>\n","protected":false},"excerpt":{"rendered":"<p>A l&rsquo;occasion de notre voyage m\u00e9morable \u00e0 Guyotville et sa r\u00e9gion, du 23 au 29 Septembre, organis\u00e9 par notre association, la journ\u00e9e libre de la semaine a permit \u00e0 certains d&rsquo;entre nous de d\u00e9couvrir avec notre excellent guide, la vieille Casbah d&rsquo;Alger. Voici mon reportage r\u00e9alis\u00e9 \u00e0 partir des belles photos prises par mon copain &#8230; <a title=\"26 Sept 2017 &#8211; notre guide,enfant de la Casbah d&rsquo;Alger, nous l&rsquo;a faite visiter\" class=\"read-more\" href=\"http:\/\/guyotvillois.com\/blog\/2017\/10\/26-sept-2017-notre-guideenfant-de-la-casbah-dalger-nous-la-faite-visiter\/\" aria-label=\"En savoir plus sur 26 Sept 2017 &#8211; notre guide,enfant de la Casbah d&rsquo;Alger, nous l&rsquo;a faite visiter\">Lire la suite<\/a><\/p>\n","protected":false},"author":4,"featured_media":0,"comment_status":"open","ping_status":"closed","sticky":true,"template":"","format":"standard","meta":[],"categories":[17,15],"tags":[],"acf":[],"_links":{"self":[{"href":"http:\/\/guyotvillois.com\/blog\/wp-json\/wp\/v2\/posts\/2480"}],"collection":[{"href":"http:\/\/guyotvillois.com\/blog\/wp-json\/wp\/v2\/posts"}],"about":[{"href":"http:\/\/guyotvillois.com\/blog\/wp-json\/wp\/v2\/types\/post"}],"author":[{"embeddable":true,"href":"http:\/\/guyotvillois.com\/blog\/wp-json\/wp\/v2\/users\/4"}],"replies":[{"embeddable":true,"href":"http:\/\/guyotvillois.com\/blog\/wp-json\/wp\/v2\/comments?post=2480"}],"version-history":[{"count":6,"href":"http:\/\/guyotvillois.com\/blog\/wp-json\/wp\/v2\/posts\/2480\/revisions"}],"predecessor-version":[{"id":2568,"href":"http:\/\/guyotvillois.com\/blog\/wp-json\/wp\/v2\/posts\/2480\/revisions\/2568"}],"wp:attachment":[{"href":"http:\/\/guyotvillois.com\/blog\/wp-json\/wp\/v2\/media?parent=2480"}],"wp:term":[{"taxonomy":"category","embeddable":true,"href":"http:\/\/guyotvillois.com\/blog\/wp-json\/wp\/v2\/categories?post=2480"},{"taxonomy":"post_tag","embeddable":true,"href":"http:\/\/guyotvillois.com\/blog\/wp-json\/wp\/v2\/tags?post=2480"}],"curies":[{"name":"wp","href":"https:\/\/api.w.org\/{rel}","templated":true}]}}