{"id":2126,"date":"2017-04-13T21:24:25","date_gmt":"2017-04-13T19:24:25","guid":{"rendered":"http:\/\/guyotvillois.com\/blog\/?p=2126"},"modified":"2017-05-12T08:38:10","modified_gmt":"2017-05-12T06:38:10","slug":"reunion-du-bureau-du-10-avril-deplacement-de-travail-prevu-pour-le-9-mai-a-guyotville","status":"publish","type":"post","link":"http:\/\/guyotvillois.com\/blog\/2017\/04\/reunion-du-bureau-du-10-avril-deplacement-de-travail-prevu-pour-le-9-mai-a-guyotville\/","title":{"rendered":"R\u00e9union du Bureau du 10 Avril : d\u00e9placement de travail pr\u00e9vu pour le 22 Mai \u00e0 Guyotville"},"content":{"rendered":"<p>Le bureau s&rsquo;est r\u00e9uni au complet ce Lundi 10\/04.<br \/>\nHeureux de nous retrouver apr\u00e8s une pause de 2 mois, dues \u00e0 des probl\u00e8mes de sant\u00e9 de certains d&rsquo;entre nous, maintenant r\u00e9solus.<\/p>\n<p>L&rsquo;ordre du jour:<\/p>\n<p>&#8211; \u00e9tat des dons du mois de F\u00e9vrier\/Mars (mise \u00e0 jour des donateurs et envoi des lettres de remerciements)<br \/>\n&#8211; subventions: elles sont en cours de traitement au Conseil G\u00e9n\u00e9ral de la R\u00e9gion et la Mairie de Marseille.D&rsquo;apr\u00e8s les services concern\u00e9s, les r\u00e9ponses devraient tomber courant Mai.<br \/>\n&#8211; voyage pr\u00e9vu \u00e0 Guyotville fin Septembre : nous d\u00e9nombrons 22 candidats int\u00e9ress\u00e9s.<br \/>\nDonc, notre objectif minimum est d\u00e9j\u00e0 atteint et nous le limiterons \u00e0 un maximum de 30 personnes.<br \/>\nNous d\u00e9cidons ce jour de confier le dossier \u00e0 une agence locale, qui a d\u00e9j\u00e0 organis\u00e9 des voyages de Pieds-noirs en Alg\u00e9rie.Nous attendons un retour plus rapide et nous sommes sur place pour les relancer.<br \/>\n&#8211; enfin, programmation du <strong>voyage pr\u00e9paratoire aux travaux du cimeti\u00e8re avec le Consulat d&rsquo;Alger est fix\u00e9 du 22 au 25 Mai prochain<\/strong><br \/>\n(un visa \u00e0 renouveler nous emp\u00eache pour Avril).<br \/>\nAndr\u00e9 Perez et Jean-Raymond Di Fina feront le d\u00e9placement.<br \/>\n&#8212;&#8212;&#8212;&#8212;&#8212;&#8212;&#8212;&#8212;&#8212;&#8212;&#8212;&#8212;&#8212;&#8212;&#8212;&#8212;&#8212;&#8212;&#8212;&#8212;&#8212;&#8212;&#8212;&#8212;&#8212;&#8212;&#8212;&#8212;&#8212;&#8212;&#8212;<\/p>\n<p>VOUS POUVEZ CONTINUER A REPONDRE A L&rsquo;ENQUETE SUR VOTRE PARTICIPATION AU VOYAGE DU 23 au 29 Sept.<br \/>\n\u00e0 GUYOTVILLE;<\/p>\n<p>Notre d\u00e9placement de travail \u00e0 Guyotville du 9 Mai prochain, avec s\u00e9jour \u00e0 l&rsquo;H\u00f4tel Hammamet de A\u00efn Benian, permettra \u00e9galement de pr\u00e9parer celui du mois de Septembre<\/p>\n","protected":false},"excerpt":{"rendered":"<p>Le bureau s&rsquo;est r\u00e9uni au complet ce Lundi 10\/04. Heureux de nous retrouver apr\u00e8s une pause de 2 mois, dues \u00e0 des probl\u00e8mes de sant\u00e9 de certains d&rsquo;entre nous, maintenant r\u00e9solus. L&rsquo;ordre du jour: &#8211; \u00e9tat des dons du mois de F\u00e9vrier\/Mars (mise \u00e0 jour des donateurs et envoi des lettres de remerciements) &#8211; subventions: &#8230; <a title=\"R\u00e9union du Bureau du 10 Avril : d\u00e9placement de travail pr\u00e9vu pour le 22 Mai \u00e0 Guyotville\" class=\"read-more\" href=\"http:\/\/guyotvillois.com\/blog\/2017\/04\/reunion-du-bureau-du-10-avril-deplacement-de-travail-prevu-pour-le-9-mai-a-guyotville\/\" aria-label=\"En savoir plus sur R\u00e9union du Bureau du 10 Avril : d\u00e9placement de travail pr\u00e9vu pour le 22 Mai \u00e0 Guyotville\">Lire la suite<\/a><\/p>\n","protected":false},"author":4,"featured_media":0,"comment_status":"open","ping_status":"closed","sticky":true,"template":"","format":"standard","meta":[],"categories":[15],"tags":[],"acf":[],"_links":{"self":[{"href":"http:\/\/guyotvillois.com\/blog\/wp-json\/wp\/v2\/posts\/2126"}],"collection":[{"href":"http:\/\/guyotvillois.com\/blog\/wp-json\/wp\/v2\/posts"}],"about":[{"href":"http:\/\/guyotvillois.com\/blog\/wp-json\/wp\/v2\/types\/post"}],"author":[{"embeddable":true,"href":"http:\/\/guyotvillois.com\/blog\/wp-json\/wp\/v2\/users\/4"}],"replies":[{"embeddable":true,"href":"http:\/\/guyotvillois.com\/blog\/wp-json\/wp\/v2\/comments?post=2126"}],"version-history":[{"count":12,"href":"http:\/\/guyotvillois.com\/blog\/wp-json\/wp\/v2\/posts\/2126\/revisions"}],"predecessor-version":[{"id":2242,"href":"http:\/\/guyotvillois.com\/blog\/wp-json\/wp\/v2\/posts\/2126\/revisions\/2242"}],"wp:attachment":[{"href":"http:\/\/guyotvillois.com\/blog\/wp-json\/wp\/v2\/media?parent=2126"}],"wp:term":[{"taxonomy":"category","embeddable":true,"href":"http:\/\/guyotvillois.com\/blog\/wp-json\/wp\/v2\/categories?post=2126"},{"taxonomy":"post_tag","embeddable":true,"href":"http:\/\/guyotvillois.com\/blog\/wp-json\/wp\/v2\/tags?post=2126"}],"curies":[{"name":"wp","href":"https:\/\/api.w.org\/{rel}","templated":true}]}}