{"id":1942,"date":"2017-04-13T22:15:05","date_gmt":"2017-04-13T20:15:05","guid":{"rendered":"http:\/\/guyotvillois.com\/blog\/?p=1942"},"modified":"2017-05-17T20:52:40","modified_gmt":"2017-05-17T18:52:40","slug":"jean-luc-melenchon-voici-lacte-de-naissance-de-sa-grand-mere-a-guyotville","status":"publish","type":"post","link":"http:\/\/guyotvillois.com\/blog\/2017\/04\/jean-luc-melenchon-voici-lacte-de-naissance-de-sa-grand-mere-a-guyotville\/","title":{"rendered":"Jean-Luc M\u00c9LENCHON: voici l&rsquo;acte de naissance de sa grand-m\u00e8re \u00e0 Guyotville ++"},"content":{"rendered":"<p>Comme vous devez le savoir, la grand-m\u00e8re maternelle de Jean-Luc M\u00e9lenchon est n\u00e9e \u00e0 Guyotville en 1896.<br \/>\nElle s&rsquo;appelait <strong>Jeanne, Emmanuelle CASERTA-ALAIMO<\/strong>, qui s&rsquo;est mari\u00e9e \u00e0 <strong>Francois,Jean BAYONA<\/strong> en 1928 \u00e0 Staou\u00ebli.<\/p>\n<p>Voici la photo de son extrait de naissance \u00e0 Guyotville, avec en note marginale, mention de son mariage.<br \/>\nJe l&rsquo;ai extraite du site des Archives d&rsquo;Outre-Mer d&rsquo;Aix en Provence (<a href=\"http:\/\/anom.archivesnationales.culture.gouv.fr\/caomec2\/pix2web.php?territoire=ALGERIE&amp;acte=1440973\" target=\"_blank\">source ici<\/a>)<br \/>\nSon grand-p\u00e8re, d\u00e9nomm\u00e9 <strong>Emmanuel CASERTA<\/strong> est d\u00e9c\u00e9d\u00e9 \u00e0 Guyotville le 01\/02\/1900.<br \/>\nSon arri\u00e8re-grand-p\u00e8re, d\u00e9nomm\u00e9 <strong>Joseph VOLTO<\/strong> est aussi d\u00e9c\u00e9d\u00e9 \u00e0 Guyotville le 07\/05\/1892<br \/>\n(Caveau VOLTO du cimeti\u00e8re de Guyotville)<\/p>\n<p>Voici la restranscription exacte de cet acte: N\u00b0 32 du registre des naissances en 1896 \u00e0 Guyotville:<br \/>\n\u00ab\u00a0<em>L&rsquo;an mil huit cent quatre vingt seize, le quinze mai \u00e0 quatre heures du soir, par devant nous<\/em><br \/>\n<em> Drouault Amable, maire et officier de l&rsquo;\u00e9tat civil de la commune de Guyotville, d\u00e9partement d&rsquo;Alger, a comparu le sieur Jean CASERTA, propri\u00e9taire ag\u00e9 de trente six ans, domicili\u00e9 en cette commune; lequel nous a pr\u00e9sent\u00e9 un enfant de sexe f\u00e9minin, qui nous a dit \u00eatre n\u00e9 le jour d&rsquo;hier dans son domicile \u00e0 dix heures du matin de lui d\u00e9clarant et de dame Catherine ALAIMO,<\/em><br \/>\n<em> son \u00e9pouse sans profession, ag\u00e9e de 27 ans, domicili\u00e9e en cette commune, et il a donn\u00e9 \u00e0 son enfant les pr\u00e9noms de \u00ab\u00a0<strong>Jeanne Emmanuelle<\/strong>\u00ab\u00a0.<\/em><br \/>\n<em> Cette d\u00e9claration et cette pr\u00e9sentation ont \u00e9t\u00e9 faites en pr\u00e9sence des sieurs:<\/em><br \/>\n<em> Paul IMBELIZZIERI, cafetier, ag\u00e9 de trente cinq ans, et de<\/em><br \/>\n<em> Joseph ADERNO, cafetier, ag\u00e9 de vingt trois ans, tous deux domicili\u00e9s \u00e0 Guyotville.<\/em><br \/>\n<em> De tout de ce que dessus, nous avons dress\u00e9 le pr\u00e9sent acte que nous avons sign\u00e9 avec le d\u00e9clarante et les t\u00e9moins, apr\u00e8s lecture faite.<\/em>\u00a0\u00bb<\/p>\n<p>Mention marginale: \u00ab\u00a0La d\u00e9nomm\u00e9e ci-contre a contract\u00e9 mariage avec BAYONA Jean \u00e0 Staou\u00ebli le<br \/>\n25-2-28\u00a0\u00bb<\/p>\n<p>&#8212;&#8212;&#8212;&#8212;&#8212;&#8212;&#8212;&#8212;&#8212;&#8212;&#8212;&#8212;&#8212;&#8212;&#8212;&#8212;&#8212;&#8212;&#8212;&#8212;&#8212;&#8212;&#8212;&#8212;&#8212;&#8212;&#8212;&#8212;&#8212;&#8212;&#8212;-<br \/>\n<strong>D\u00e9but de G\u00e9n\u00e9alogie de Jean-Luc M\u00e9l\u00e9chon (voici son \u00e9ventail g\u00e9n\u00e9alogique)<\/strong><br \/>\n<a href=\"http:\/\/guyotvillois.com\/blog\/wp-content\/uploads\/2017\/02\/E\u0301ventail-ge\u0301ne\u0301alogique-MELENCHON-BAYONA-Jean-Luc-Antoine-Pierre.jpg\" target=\"_blank\"><img loading=\"lazy\" src=\"http:\/\/guyotvillois.com\/blog\/wp-content\/uploads\/2017\/02\/E\u0301ventail-ge\u0301ne\u0301alogique-MELENCHON-BAYONA-Jean-Luc-Antoine-Pierre-300x203.jpg\" alt=\"\" width=\"300\" height=\"203\" class=\"alignnone size-medium wp-image-2158\" srcset=\"http:\/\/guyotvillois.com\/blog\/wp-content\/uploads\/2017\/02\/E\u0301ventail-ge\u0301ne\u0301alogique-MELENCHON-BAYONA-Jean-Luc-Antoine-Pierre-300x203.jpg 300w, http:\/\/guyotvillois.com\/blog\/wp-content\/uploads\/2017\/02\/E\u0301ventail-ge\u0301ne\u0301alogique-MELENCHON-BAYONA-Jean-Luc-Antoine-Pierre-768x519.jpg 768w, http:\/\/guyotvillois.com\/blog\/wp-content\/uploads\/2017\/02\/E\u0301ventail-ge\u0301ne\u0301alogique-MELENCHON-BAYONA-Jean-Luc-Antoine-Pierre-1024x692.jpg 1024w\" sizes=\"(max-width: 300px) 100vw, 300px\" \/><\/a><\/p>\n<p>&#8212;&#8212;&#8212;&#8212;&#8212;&#8212;&#8212;&#8212;&#8212;&#8212;&#8212;&#8212;&#8212;&#8212;&#8212;&#8212;&#8212;&#8212;&#8212;&#8212;&#8212;&#8212;&#8212;&#8212;&#8212;&#8212;&#8212;&#8212;&#8212;&#8212;&#8212;&#8211;<\/p>\n<p>Extrait de la biographie de Jean-Luc M\u00e9lenchon sur le site wikipedia:<\/p>\n<p>Famille<\/p>\n<p>Jean-Luc M\u00e9lenchon est le fils cadet de Georges M\u00e9lenchon, receveur des Postes, t\u00e9l\u00e9graphes et t\u00e9l\u00e9phones (PTT), et de Jeanine Bayona, institutrice, tous deux n\u00e9s fran\u00e7ais en Alg\u00e9rie. Il na\u00eet le 19 ao\u00fbt 1951 \u00e0 Tanger, au Maroc, alors zone internationale, o\u00f9 ses parents travaillent.<\/p>\n<p>Son grand-p\u00e8re paternel, Antonio Melench\u00f3n est un Espagnol de la r\u00e9gion de Murcie. Au d\u00e9but des ann\u00e9es 1900, il s&rsquo;installe \u00e0 Oran, en Alg\u00e9rie alors fran\u00e7aise, et y \u00e9pouse Aim\u00e9e Canicio, elle aussi d&rsquo;origine espagnole. <strong>Du c\u00f4t\u00e9 maternel, son grand-p\u00e8re, Fran\u00e7ois Bayona, est n\u00e9 en 1889 pr\u00e8s de Valence, en Espagne, et est mari\u00e9 \u00e0 Jeanne Emmanuelle Caserta, une Italienne originaire de Sicile.<\/strong><\/p>\n<p>Vid\u00e9o de JL M\u00e9lenchon \u00e0 BFMTV<br \/>\n<div style=\"width: 1200px;\" class=\"wp-video\"><!--[if lt IE 9]><script>document.createElement('video');<\/script><![endif]-->\n<video class=\"wp-video-shortcode\" id=\"video-1942-1\" width=\"1200\" height=\"675\" preload=\"metadata\" controls=\"controls\"><source type=\"video\/mp4\" src=\"http:\/\/guyotvillois.com\/blog\/wp-content\/uploads\/2017\/02\/Melechon-staoueli.mp4?_=1\" \/><a href=\"http:\/\/guyotvillois.com\/blog\/wp-content\/uploads\/2017\/02\/Melechon-staoueli.mp4\">http:\/\/guyotvillois.com\/blog\/wp-content\/uploads\/2017\/02\/Melechon-staoueli.mp4<\/a><\/video><\/div>\n<p>Vid\u00e9o de JL M\u00e9lenchon chez Mireille Dumas, parle aussi de ses origines<br \/>\n<iframe loading=\"lazy\" width=\"640\" height=\"360\" src=\"https:\/\/www.youtube.com\/embed\/7Ymrp8tGXyY\" frameborder=\"0\" allowfullscreen><\/iframe><\/p>\n","protected":false},"excerpt":{"rendered":"<p>Comme vous devez le savoir, la grand-m\u00e8re maternelle de Jean-Luc M\u00e9lenchon est n\u00e9e \u00e0 Guyotville en 1896. Elle s&rsquo;appelait Jeanne, Emmanuelle CASERTA-ALAIMO, qui s&rsquo;est mari\u00e9e \u00e0 Francois,Jean BAYONA en 1928 \u00e0 Staou\u00ebli. Voici la photo de son extrait de naissance \u00e0 Guyotville, avec en note marginale, mention de son mariage. Je l&rsquo;ai extraite du site &#8230; <a title=\"Jean-Luc M\u00c9LENCHON: voici l&rsquo;acte de naissance de sa grand-m\u00e8re \u00e0 Guyotville ++\" class=\"read-more\" href=\"http:\/\/guyotvillois.com\/blog\/2017\/04\/jean-luc-melenchon-voici-lacte-de-naissance-de-sa-grand-mere-a-guyotville\/\" aria-label=\"En savoir plus sur Jean-Luc M\u00c9LENCHON: voici l&rsquo;acte de naissance de sa grand-m\u00e8re \u00e0 Guyotville ++\">Lire la suite<\/a><\/p>\n","protected":false},"author":4,"featured_media":0,"comment_status":"open","ping_status":"closed","sticky":true,"template":"","format":"standard","meta":[],"categories":[15],"tags":[],"acf":[],"_links":{"self":[{"href":"http:\/\/guyotvillois.com\/blog\/wp-json\/wp\/v2\/posts\/1942"}],"collection":[{"href":"http:\/\/guyotvillois.com\/blog\/wp-json\/wp\/v2\/posts"}],"about":[{"href":"http:\/\/guyotvillois.com\/blog\/wp-json\/wp\/v2\/types\/post"}],"author":[{"embeddable":true,"href":"http:\/\/guyotvillois.com\/blog\/wp-json\/wp\/v2\/users\/4"}],"replies":[{"embeddable":true,"href":"http:\/\/guyotvillois.com\/blog\/wp-json\/wp\/v2\/comments?post=1942"}],"version-history":[{"count":20,"href":"http:\/\/guyotvillois.com\/blog\/wp-json\/wp\/v2\/posts\/1942\/revisions"}],"predecessor-version":[{"id":2244,"href":"http:\/\/guyotvillois.com\/blog\/wp-json\/wp\/v2\/posts\/1942\/revisions\/2244"}],"wp:attachment":[{"href":"http:\/\/guyotvillois.com\/blog\/wp-json\/wp\/v2\/media?parent=1942"}],"wp:term":[{"taxonomy":"category","embeddable":true,"href":"http:\/\/guyotvillois.com\/blog\/wp-json\/wp\/v2\/categories?post=1942"},{"taxonomy":"post_tag","embeddable":true,"href":"http:\/\/guyotvillois.com\/blog\/wp-json\/wp\/v2\/tags?post=1942"}],"curies":[{"name":"wp","href":"https:\/\/api.w.org\/{rel}","templated":true}]}}