{"id":1824,"date":"2017-01-31T20:22:24","date_gmt":"2017-01-31T19:22:24","guid":{"rendered":"http:\/\/guyotvillois.com\/blog\/?p=1824"},"modified":"2017-01-31T20:42:12","modified_gmt":"2017-01-31T19:42:12","slug":"reunion-du-bureau-du-30012017","status":"publish","type":"post","link":"http:\/\/guyotvillois.com\/blog\/2017\/01\/reunion-du-bureau-du-30012017\/","title":{"rendered":"R\u00e9union du bureau du 30\/01\/2017"},"content":{"rendered":"<p>Le bureau s&rsquo;est r\u00e9uni au complet ce Lundi 30\/01.<br \/>\n&#8211; une bonne nouvelle  pour commencer:<br \/>\nLe Pr\u00e9sident Perez \u00e9t\u00e9 contact\u00e9 par le 1er adjoint de la mairie de Gignac la Nerthe (si\u00e8ge de notre association) pour nous recevoir et nous fournir un dossier \u00e0 compl\u00e9ter pour une finaliser une subvention cons\u00e9quente pour notre association.Tous nos documents sont pr\u00eats.<br \/>\n&#8211; \u00e9tat des dons du mois de Janvier (mise \u00e0 jour des donateurs et envoi des lettres de remerciements<br \/>\n&#8211; remerciements \u00e0 l&rsquo;association amie \u00ab\u00a0Le petit Callois\u00a0\u00bb qui soutient notre projet sur le cimeti\u00e8re de Guyotville, pour l&rsquo;envoi de leur derni\u00e8re revue trimestrielle.<br \/>\n&#8211; relance par mail au Consulat d&rsquo;Alger suite \u00e0 nos difficult\u00e9s pour joindre les responsables par courrier, pour un RDV prochain \u00e0 Alger.Seul \u00ab\u00a0In Memoriam\u00a0\u00bb a r\u00e9pondu.<br \/>\n(depuis le dernier d\u00e9placement en Alg\u00e9rie (p\u00e9riode Fabius), les \u00e9quipes ont chang\u00e9es (p\u00e9riode Ayrault); nous regrettons le d\u00e9part \u00e0 la retraite \u00e0 la vice-consule qui nous a beaucoup aid\u00e9 dans la sauvegarde du cimeti\u00e8re)<br \/>\n&#8211; \u00e0 la demande de quelques membres, \u00e9tude pr\u00e9paratoire \u00e0 un voyage organis\u00e9 de 5 jours au cimeti\u00e8re de Guyotville et alentours, pr\u00e9vu pour fin Septembre 2017, pour un groupe de 20 \u00e0 30 personnes.<br \/>\nPr\u00e9parez vos passeports !<\/p>\n","protected":false},"excerpt":{"rendered":"<p>Le bureau s&rsquo;est r\u00e9uni au complet ce Lundi 30\/01. &#8211; une bonne nouvelle pour commencer: Le Pr\u00e9sident Perez \u00e9t\u00e9 contact\u00e9 par le 1er adjoint de la mairie de Gignac la Nerthe (si\u00e8ge de notre association) pour nous recevoir et nous fournir un dossier \u00e0 compl\u00e9ter pour une finaliser une subvention cons\u00e9quente pour notre association.Tous nos &#8230; <a title=\"R\u00e9union du bureau du 30\/01\/2017\" class=\"read-more\" href=\"http:\/\/guyotvillois.com\/blog\/2017\/01\/reunion-du-bureau-du-30012017\/\" aria-label=\"En savoir plus sur R\u00e9union du bureau du 30\/01\/2017\">Lire la suite<\/a><\/p>\n","protected":false},"author":4,"featured_media":0,"comment_status":"open","ping_status":"closed","sticky":true,"template":"","format":"standard","meta":[],"categories":[15],"tags":[],"acf":[],"_links":{"self":[{"href":"http:\/\/guyotvillois.com\/blog\/wp-json\/wp\/v2\/posts\/1824"}],"collection":[{"href":"http:\/\/guyotvillois.com\/blog\/wp-json\/wp\/v2\/posts"}],"about":[{"href":"http:\/\/guyotvillois.com\/blog\/wp-json\/wp\/v2\/types\/post"}],"author":[{"embeddable":true,"href":"http:\/\/guyotvillois.com\/blog\/wp-json\/wp\/v2\/users\/4"}],"replies":[{"embeddable":true,"href":"http:\/\/guyotvillois.com\/blog\/wp-json\/wp\/v2\/comments?post=1824"}],"version-history":[{"count":7,"href":"http:\/\/guyotvillois.com\/blog\/wp-json\/wp\/v2\/posts\/1824\/revisions"}],"predecessor-version":[{"id":1831,"href":"http:\/\/guyotvillois.com\/blog\/wp-json\/wp\/v2\/posts\/1824\/revisions\/1831"}],"wp:attachment":[{"href":"http:\/\/guyotvillois.com\/blog\/wp-json\/wp\/v2\/media?parent=1824"}],"wp:term":[{"taxonomy":"category","embeddable":true,"href":"http:\/\/guyotvillois.com\/blog\/wp-json\/wp\/v2\/categories?post=1824"},{"taxonomy":"post_tag","embeddable":true,"href":"http:\/\/guyotvillois.com\/blog\/wp-json\/wp\/v2\/tags?post=1824"}],"curies":[{"name":"wp","href":"https:\/\/api.w.org\/{rel}","templated":true}]}}