{"id":1689,"date":"2016-12-23T08:46:47","date_gmt":"2016-12-23T07:46:47","guid":{"rendered":"http:\/\/guyotvillois.com\/blog\/?p=1689"},"modified":"2017-01-10T22:19:31","modified_gmt":"2017-01-10T21:19:31","slug":"joyeux-noel","status":"publish","type":"post","link":"http:\/\/guyotvillois.com\/blog\/2016\/12\/joyeux-noel\/","title":{"rendered":"JOYEUX NO\u00cbL ! FELIZ NAVIDAD ! FELICE NATALE ! et BONNE ANNEE 2017"},"content":{"rendered":"<p>Chers amis Guyotvillois,<\/p>\n<p>En cette fin d\u2019ann\u00e9e 2016, nous vous adressons un bilan d\u2019activit\u00e9 de notre association. En effet nous nous sommes r\u00e9unis plusieurs fois, nous avons d\u00e9fini nos actions prioritaires et nous avons pris conseil aupr\u00e8s de dirigeants d\u2019associations pour nous guider dans les m\u00e9andres des organisations administratives.<\/p>\n<p>Nous nous sommes rapproch\u00e9s du responsable de l\u2019association qui r\u00e9nove le <a href=\"http:\/\/www.amicaledescalloisetamis.fr\/Cimetiere.html\" target=\"_blank\">cimeti\u00e8re de La Calle<\/a>, qui \u0153uvre depuis plus de dix ans et qui doit nous servir de mod\u00e8le de r\u00e9alisation dans le but que nous nous sommes fix\u00e9s.<\/p>\n<p>Toutes ces informations nous ont permis d\u2019\u00e9tablir des demandes de subventions que nous avons adress\u00e9 au Conseil R\u00e9gional Provence Alpes Cotes d\u2019Azur et \u00e0 des mairies de grandes importances. Pour cela nous avons \u00e9tabli un budget et d\u00e9fini des priorit\u00e9s de travaux. Vous retrouverez ces informations dans cette <a href=\"http:\/\/www.guyotvillois.com\/docs\/Plaquette-2017-Communes.pdf\" target=\"_blank\">plaquette (ici)<\/a><\/p>\n<p>Comme vous le constatez, nous avons avanc\u00e9. Certains d\u2019entre vous nous ont rejoint en nous apportant leur soutien et leur don et nous les en remercions, mais nous avons besoin de tous. Si vous d\u00e9sirez nous accompagner dans notre d\u00e9marche, vous trouverez sur <a href=\"http:\/\/guyotvillois.com\/blog\/boutique-dons\/\" target=\"_blank\">cette page les moyens de nous aider financi\u00e8rement<\/a>.<\/p>\n<p>Nous projetons d\u2019organiser un voyage \u00e0 Guyotville sur nos deniers personnels, si certains d\u2019entre vous veulent se joindre \u00e0 nous, vous pouvez nous contacter \u00e0 l\u2019adresse de l\u2019association.<\/p>\n<p>Nous vous souhaitons un joyeux No\u00ebl et une bonne ann\u00e9e 2017.<\/p>\n<p>Le Bureau<br \/>\nR\u00e9uni le 22\/12\/2016<\/p>\n","protected":false},"excerpt":{"rendered":"<p>Chers amis Guyotvillois, En cette fin d\u2019ann\u00e9e 2016, nous vous adressons un bilan d\u2019activit\u00e9 de notre association. En effet nous nous sommes r\u00e9unis plusieurs fois, nous avons d\u00e9fini nos actions prioritaires et nous avons pris conseil aupr\u00e8s de dirigeants d\u2019associations pour nous guider dans les m\u00e9andres des organisations administratives. Nous nous sommes rapproch\u00e9s du responsable &#8230; <a title=\"JOYEUX NO\u00cbL ! FELIZ NAVIDAD ! FELICE NATALE ! et BONNE ANNEE 2017\" class=\"read-more\" href=\"http:\/\/guyotvillois.com\/blog\/2016\/12\/joyeux-noel\/\" aria-label=\"En savoir plus sur JOYEUX NO\u00cbL ! FELIZ NAVIDAD ! FELICE NATALE ! et BONNE ANNEE 2017\">Lire la suite<\/a><\/p>\n","protected":false},"author":4,"featured_media":0,"comment_status":"open","ping_status":"closed","sticky":false,"template":"","format":"standard","meta":[],"categories":[15],"tags":[],"acf":[],"_links":{"self":[{"href":"http:\/\/guyotvillois.com\/blog\/wp-json\/wp\/v2\/posts\/1689"}],"collection":[{"href":"http:\/\/guyotvillois.com\/blog\/wp-json\/wp\/v2\/posts"}],"about":[{"href":"http:\/\/guyotvillois.com\/blog\/wp-json\/wp\/v2\/types\/post"}],"author":[{"embeddable":true,"href":"http:\/\/guyotvillois.com\/blog\/wp-json\/wp\/v2\/users\/4"}],"replies":[{"embeddable":true,"href":"http:\/\/guyotvillois.com\/blog\/wp-json\/wp\/v2\/comments?post=1689"}],"version-history":[{"count":10,"href":"http:\/\/guyotvillois.com\/blog\/wp-json\/wp\/v2\/posts\/1689\/revisions"}],"predecessor-version":[{"id":1726,"href":"http:\/\/guyotvillois.com\/blog\/wp-json\/wp\/v2\/posts\/1689\/revisions\/1726"}],"wp:attachment":[{"href":"http:\/\/guyotvillois.com\/blog\/wp-json\/wp\/v2\/media?parent=1689"}],"wp:term":[{"taxonomy":"category","embeddable":true,"href":"http:\/\/guyotvillois.com\/blog\/wp-json\/wp\/v2\/categories?post=1689"},{"taxonomy":"post_tag","embeddable":true,"href":"http:\/\/guyotvillois.com\/blog\/wp-json\/wp\/v2\/tags?post=1689"}],"curies":[{"name":"wp","href":"https:\/\/api.w.org\/{rel}","templated":true}]}}