{"id":1610,"date":"2017-02-03T22:43:07","date_gmt":"2017-02-03T21:43:07","guid":{"rendered":"http:\/\/guyotvillois.com\/blog\/?p=1610"},"modified":"2017-02-10T22:26:16","modified_gmt":"2017-02-10T21:26:16","slug":"regroupements-des-cimetieres-du-departementwilaya-dalger","status":"publish","type":"post","link":"http:\/\/guyotvillois.com\/blog\/2017\/02\/regroupements-des-cimetieres-du-departementwilaya-dalger\/","title":{"rendered":"Regroupements des cimeti\u00e8res du d\u00e9partement(wilaya) d&rsquo;Alger"},"content":{"rendered":"<p>[vc_row][vc_column][vc_column_text]Sur la carte ci-dessus, dans toutes les communes que j&rsquo;ai encadr\u00e9es de \u00ab\u00a0rouge\u00a0\u00bb, les cimeti\u00e8res chr\u00e9tiens ont disparus et ont \u00e9t\u00e9 \u00ab\u00a0regroup\u00e9s\u00a0\u00bb au cimeti\u00e8re du Mont d&rsquo;Or \u00e0 El Biar.<br \/>\n<em>La premi\u00e8re tranche<\/em> de ces travaux de regroupements, pr\u00e9vus par l&rsquo;arr\u00eat\u00e9 du 23 Juin 2011 (J.O) s&rsquo;est achev\u00e9e en 2015.<br \/>\n<span style=\"color: #3366ff;\">Je rappelle que notre cimeti\u00e8re de Guyotville (A\u00efn Benian) figurait \u00e9galement dans la liste initiale du d\u00e9cret 2011.<\/span><br \/>\n(clic sur le dossier \u00ab\u00a0<a href=\"http:\/\/www.guyotvillois.com\/docs\/bilan_2013_sepultures_AIN-BENIAN.pdf\" target=\"_blank\">Bilan-2013-sepultures-AIN-BENIAN<\/a>\u00ab\u00a0-pages 19-21 ou sur le dossier complet \u00ab\u00a0<a href=\"http:\/\/www.guyotvillois.com\/docs\/bilan_2013_sepultures_cimetieres_algerie.pdf\" target=\"_blank\">Bilan-2013-sepultures-cimetieres-Alg\u00e9rie<\/a>\u00a0\u00bb de l&rsquo;Ambassade de France)<\/p>\n<p><strong>Guyotville a \u00e9t\u00e9 \u00e9pargn\u00e9!<\/strong><\/p>\n<p>Les cimeti\u00e8res disparus sont:<br \/>\nBouzar\u00e9ah, Ch\u00e9ragas, <a href=\"http:\/\/alger.ambafrance-dz.org\/Cimetiere-chretien-de-Ouled-Fayet\" target=\"_blank\">Ouled-Fayet<\/a>, <a href=\"http:\/\/alger.ambafrance-dz.org\/Cimetiere-chretien-de-Draria\" target=\"_blank\">Draria<\/a>, <a href=\"http:\/\/alger.ambafrance-dz.org\/Cimetiere-chretien-de-Baba-Hassen\" target=\"_blank\">Baba Hassen<\/a>,<a href=\"http:\/\/alger.ambafrance-dz.org\/Cimetiere-chretien-d-El-Achour\" target=\"_blank\">El AChour<\/a>, <a href=\"http:\/\/alger.ambafrance-dz.org\/Cimetiere-chretien-de-Khraicia\" target=\"_blank\">Kraicia<\/a>, <a href=\"http:\/\/alger.ambafrance-dz.org\/Cimetiere-chretien-de-Dely-Brahim\" target=\"_blank\">Delly Brahim<\/a>, <a href=\"http:\/\/alger.ambafrance-dz.org\/Cimetiere-chretien-de-Bir-Touta\" target=\"_blank\">Birtouta<\/a><br \/>\n(ceux qui n&rsquo;apparaissent pas sur la carte, sont plus au Sud).<\/p>\n<p>Mais l&rsquo;op\u00e9ration \u00ab\u00a0regroupements\u00a0\u00bb continue&#8230;.<\/p>\n<p><em>La deuxi\u00e8me tranche<\/em> de \u00ab\u00a0regroupements\u00a0\u00bb est en cours sur les communes que j&rsquo;ai encadr\u00e9es de \u00ab\u00a0bleu\u00a0\u00bb sur la carte.<br \/>\nElle concerne les cimeti\u00e8res de:<br \/>\nStaoueli, Z\u00e9ralda, Mahelma, Rahmania, Saoula, Souidania.<\/p>\n<p>Pour exemple, vous verrez ci-dessous, le compte-rendu des op\u00e9rations de \u00ab\u00a0regroupement\u00a0\u00bb des cimeti\u00e8res de <strong>Ch\u00e9ragas<\/strong> et <strong>Bouzar\u00e9ah<\/strong><br \/>\n(plan des s\u00e9pultures, liste des rep\u00e9rages de tombes par familles et par caisse, photos)[\/vc_column_text][\/vc_column][\/vc_row][vc_row][vc_column][vc_column_text]<strong>Cimeti\u00e8re de CHERAGAS<\/strong><br \/>\nD&rsquo;une surface de 4430 m2 sur le plan \u00e9tabli le 25 D\u00e9cembre 2014 (<a href=\"http:\/\/www.guyotvillois.com\/docs\/plan_cimetiere_cheraga.pdf\" target=\"_blank\">voir le plan<\/a>), il a \u00e9t\u00e9 rep\u00e9r\u00e9 339 s\u00e9pultures apparentes, plus 8 s\u00e9pultures retrouv\u00e9es apr\u00e8s 66 sondages effectu\u00e9s.<br \/>\nLe regroupement a \u00e9t\u00e9 r\u00e9alis\u00e9 dans 347 caisses pour un total de 1103 corps.Il a \u00e9t\u00e9 achev\u00e9 le 29 D\u00e9cembre 2014.<br \/>\n<a href=\"http:\/\/www.guyotvillois.com\/docs\/reperes_cimetiere_cheraga.pdf\" target=\"_blank\">(voir la liste des s\u00e9pultures)<\/a><br \/>\nUne st\u00e8le avec plaque comm\u00e9morative a \u00e9t\u00e9 r\u00e9alis\u00e9e sur le site du cimeti\u00e8re (cube ne b\u00e9ton).<br \/>\nLes restes mortels ont \u00e9t\u00e9 transf\u00e9r\u00e9s et r\u00e9-inhum\u00e9s dans l&rsquo;ossuaire n\u00b0 1 dans le cimeti\u00e8re du Mont d&rsquo;Or \u00e0 El Biar.<\/p>\n<p>[supsystic-gallery id=8][\/vc_column_text][\/vc_column][\/vc_row][vc_row][vc_column][vc_column_text]<strong>Cimeti\u00e8re de BOUZAREAH<\/strong><br \/>\nD&rsquo;une surface d&rsquo;environ 3000 m2 sur le plan \u00e9tabli le 19 Mars 2015 (<a href=\"http:\/\/www.guyotvillois.com\/docs\/plan_cimetiere_bouzareah.pdf\" target=\"_blank\">voir le plan<\/a>), il a \u00e9t\u00e9 rep\u00e9r\u00e9 368 s\u00e9pultures apparentes, plus 29 s\u00e9pultures retrouv\u00e9es apr\u00e8s 96 sondages effectu\u00e9s.<br \/>\nLe regroupement a \u00e9t\u00e9 r\u00e9alis\u00e9 dans 397 caisses pour un total de 538 corps.Il a \u00e9t\u00e9 achev\u00e9 le 19 Mars 2015.<br \/>\n<a href=\"http:\/\/www.guyotvillois.com\/docs\/reperes_cimetiere_bouzareah.pdf\" target=\"_blank\">(voir la liste des s\u00e9pultures)<\/a><br \/>\nUne st\u00e8le avec plaque comm\u00e9morative a \u00e9t\u00e9 r\u00e9alis\u00e9e sur le site du cimeti\u00e8re (cube ne b\u00e9ton).<br \/>\nLes restes mortels ont \u00e9t\u00e9 transf\u00e9r\u00e9s et r\u00e9-inhum\u00e9s dans l&rsquo;ossuaire n\u00b0 3 dans le cimeti\u00e8re du Mont d&rsquo;Or \u00e0 El Biar.<\/p>\n<p>[supsystic-gallery id=9][\/vc_column_text][\/vc_column][\/vc_row]<\/p>\n","protected":false},"excerpt":{"rendered":"<p>[vc_row][vc_column][vc_column_text]Sur la carte ci-dessus, dans toutes les communes que j&rsquo;ai encadr\u00e9es de \u00ab\u00a0rouge\u00a0\u00bb, les cimeti\u00e8res chr\u00e9tiens ont disparus et ont \u00e9t\u00e9 \u00ab\u00a0regroup\u00e9s\u00a0\u00bb au cimeti\u00e8re du Mont d&rsquo;Or \u00e0 El Biar. La premi\u00e8re tranche de ces travaux de regroupements, pr\u00e9vus par l&rsquo;arr\u00eat\u00e9 du 23 Juin 2011 (J.O) s&rsquo;est achev\u00e9e en 2015. Je rappelle que notre cimeti\u00e8re &#8230; <a title=\"Regroupements des cimeti\u00e8res du d\u00e9partement(wilaya) d&rsquo;Alger\" class=\"read-more\" href=\"http:\/\/guyotvillois.com\/blog\/2017\/02\/regroupements-des-cimetieres-du-departementwilaya-dalger\/\" aria-label=\"En savoir plus sur Regroupements des cimeti\u00e8res du d\u00e9partement(wilaya) d&rsquo;Alger\">Lire la suite<\/a><\/p>\n","protected":false},"author":4,"featured_media":0,"comment_status":"open","ping_status":"closed","sticky":true,"template":"","format":"standard","meta":[],"categories":[17],"tags":[],"acf":[],"_links":{"self":[{"href":"http:\/\/guyotvillois.com\/blog\/wp-json\/wp\/v2\/posts\/1610"}],"collection":[{"href":"http:\/\/guyotvillois.com\/blog\/wp-json\/wp\/v2\/posts"}],"about":[{"href":"http:\/\/guyotvillois.com\/blog\/wp-json\/wp\/v2\/types\/post"}],"author":[{"embeddable":true,"href":"http:\/\/guyotvillois.com\/blog\/wp-json\/wp\/v2\/users\/4"}],"replies":[{"embeddable":true,"href":"http:\/\/guyotvillois.com\/blog\/wp-json\/wp\/v2\/comments?post=1610"}],"version-history":[{"count":21,"href":"http:\/\/guyotvillois.com\/blog\/wp-json\/wp\/v2\/posts\/1610\/revisions"}],"predecessor-version":[{"id":1753,"href":"http:\/\/guyotvillois.com\/blog\/wp-json\/wp\/v2\/posts\/1610\/revisions\/1753"}],"wp:attachment":[{"href":"http:\/\/guyotvillois.com\/blog\/wp-json\/wp\/v2\/media?parent=1610"}],"wp:term":[{"taxonomy":"category","embeddable":true,"href":"http:\/\/guyotvillois.com\/blog\/wp-json\/wp\/v2\/categories?post=1610"},{"taxonomy":"post_tag","embeddable":true,"href":"http:\/\/guyotvillois.com\/blog\/wp-json\/wp\/v2\/tags?post=1610"}],"curies":[{"name":"wp","href":"https:\/\/api.w.org\/{rel}","templated":true}]}}